{"id":1798,"date":"2020-02-16T20:47:09","date_gmt":"2020-02-16T19:47:09","guid":{"rendered":"http:\/\/snudifo37.fr\/?p=1798"},"modified":"2020-02-16T20:47:10","modified_gmt":"2020-02-16T19:47:10","slug":"2020-remuneration-des-fonctionnaires-toujours-en-baisse","status":"publish","type":"post","link":"https:\/\/snudifo37.fr\/index.php\/2020\/02\/16\/2020-remuneration-des-fonctionnaires-toujours-en-baisse\/","title":{"rendered":"2020 : R\u00e9mun\u00e9ration des fonctionnaires toujours en baisse !"},"content":{"rendered":"\n<div class=\"wp-block-image\"><figure class=\"aligncenter size-large\"><img loading=\"lazy\" decoding=\"async\" width=\"232\" height=\"128\" src=\"http:\/\/snudifo37.fr\/wp-content\/uploads\/2020\/02\/FOFGF-Logo.jpg\" alt=\"\" class=\"wp-image-1799\"\/><\/figure><\/div>\n\n\n\n<p>Les gesticulations et annonces du Secr\u00e9taire d\u2019Etat \u00e0 la Fonction publique ne trompent plus personne : le pouvoir d\u2019achat des fonctionnaires continue de baisser en 2020, d\u2019autant que depuis le 1 er janvier, la retenue pour pension civile a augment\u00e9 de + 0,27 point, passant de 10,83% \u00e0 11,10%. Pour m\u00e9moire, cette retenue n\u2019\u00e9tait que de 7,85% en 2010.<\/p>\n\n\n\n<p>De plus, le SMIC ayant \u00e9t\u00e9 revaloris\u00e9 de +1,2%, les agents de cat\u00e9gorie C, r\u00e9mun\u00e9r\u00e9s sur les premiers \u00e9chelons de la grille indiciaire du 1 er grade, inf\u00e9rieur \u00e0 l\u2019indice nouveau major\u00e9 de 329, doivent \u00e0 nouveau percevoir l\u2019indemnit\u00e9 diff\u00e9rentielle pour ne pas \u00eatre pay\u00e9s en dessous du SMIC.<\/p>\n\n\n\n<p>Le Secr\u00e9taire d\u2019Etat \u00e0 la Fonction publique indique, non sans ironie, que l\u2019application de la derni\u00e8re tranche de PPCR (Parcours professionnel, carri\u00e8res et r\u00e9mun\u00e9rations) permettra \u00e0 ces agents de repasser juste au-dessus du SMIC.<\/p>\n\n\n\n<ul class=\"wp-block-list\"><li>Comment peut-on se satisfaire d\u2019avoir des milliers d\u2019agents qui sont r\u00e9mun\u00e9r\u00e9s juste au-dessus du SMIC ?<\/li><li>Comment oser poursuivre le gel de la valeur du point d\u2019indice ?<\/li><li>Comment parler d\u2019attractivit\u00e9 de l\u2019emploi public avec une telle politique salariale ?<\/li><li>Comment oser dire que les futures pensions de ces agents ne baisseront pas ? alors m\u00eame que la valeur d\u2019acquisition des points-retraite serait index\u00e9e sur \u00ab l\u2019augmentation des salaires \u00bb ?<\/li><li>Comment esp\u00e9rer obtenir de meilleures pensions dans une r\u00e9forme o\u00f9 la valeur de service du point serait modifi\u00e9e annuellement en fonction des imp\u00e9ratifs \u00e9conomiques ?<\/li><\/ul>\n\n\n\n<p>Les promesses de ce gouvernement ne sont plus cr\u00e9dibles. <\/p>\n\n\n\n<p><strong>Pour que la valeur du point d\u2019indice retrouve le niveau de pouvoir d\u2019achat qu\u2019elle d\u00e9tenait au 1er janvier 2000, il faudrait augmenter la valeur de ce point de 20.6%<\/strong><\/p>\n\n\n\n<p>Pour la FGF-FO, le gouvernement doit entendre les l\u00e9gitimes revendications des syndicats de fonctionnaires parmi lesquelles l\u2019augmentation g\u00e9n\u00e9rale des salaires par la revalorisation de la valeur du point d\u2019indice et la mise en \u0153uvre de v\u00e9ritables n\u00e9gociations pour am\u00e9liorer les parcours de carri\u00e8re.<\/p>\n\n\n\n<p>Dans ce contexte, la FGF-FO invite tous les fonctionnaires et agents publics \u00e0 se mobiliser et \u00e0 continuer de faire de l\u2019augmentation des salaires et pensions une revendication majeure de Force Ouvri\u00e8re.<\/p>\n\n\n\n<p class=\"has-text-align-right\"><em>Paris, le 12 f\u00e9vrier 2020<\/em><\/p>\n<a class=\"synved-social-button synved-social-button-share synved-social-size-32 synved-social-resolution-single synved-social-provider-facebook nolightbox\" data-provider=\"facebook\" target=\"_blank\" rel=\"nofollow\" title=\"Faites le savoir \u00e0 vos amis via Facebook \" href=\"https:\/\/www.facebook.com\/sharer.php?u=https%3A%2F%2Fsnudifo37.fr%2Findex.php%2Fwp-json%2Fwp%2Fv2%2Fposts%2F1798&#038;t=2020%20%3A%20R%C3%A9mun%C3%A9ration%20des%20fonctionnaires%20toujours%20en%20baisse%20%21&#038;s=100&#038;p&#091;url&#093;=https%3A%2F%2Fsnudifo37.fr%2Findex.php%2Fwp-json%2Fwp%2Fv2%2Fposts%2F1798&#038;p&#091;images&#093;&#091;0&#093;=https%3A%2F%2Fsnudifo37.fr%2Fwp-content%2Fuploads%2F2020%2F02%2FCommuniqu%C3%A9Site.png&#038;p&#091;title&#093;=2020%20%3A%20R%C3%A9mun%C3%A9ration%20des%20fonctionnaires%20toujours%20en%20baisse%20%21\" style=\"font-size: 0px;width:32px;height:32px;margin:0;margin-bottom:20px;margin-right:20px\"><img loading=\"lazy\" decoding=\"async\" alt=\"Facebook\" title=\"Faites le savoir \u00e0 vos amis via Facebook \" class=\"synved-share-image synved-social-image synved-social-image-share\" width=\"32\" height=\"32\" style=\"display: inline;width:32px;height:32px;margin: 0;padding: 0;border: none;box-shadow: none\" src=\"https:\/\/snudifo37.fr\/wp-content\/plugins\/social-media-feather\/synved-social\/image\/social\/regular\/64x64\/facebook.png\" \/><\/a><a class=\"synved-social-button synved-social-button-share synved-social-size-32 synved-social-resolution-single synved-social-provider-twitter nolightbox\" data-provider=\"twitter\" target=\"_blank\" rel=\"nofollow\" title=\"Informez-en vos amis via Twitter\" href=\"https:\/\/twitter.com\/intent\/tweet?url=https%3A%2F%2Fsnudifo37.fr%2Findex.php%2Fwp-json%2Fwp%2Fv2%2Fposts%2F1798&#038;text=Le%20Snudi-Fo%20vous%20informe%3A\" style=\"font-size: 0px;width:32px;height:32px;margin:0;margin-bottom:20px;margin-right:20px\"><img loading=\"lazy\" decoding=\"async\" alt=\"twitter\" title=\"Informez-en vos amis via Twitter\" class=\"synved-share-image synved-social-image synved-social-image-share\" width=\"32\" height=\"32\" style=\"display: inline;width:32px;height:32px;margin: 0;padding: 0;border: none;box-shadow: none\" src=\"https:\/\/snudifo37.fr\/wp-content\/plugins\/social-media-feather\/synved-social\/image\/social\/regular\/64x64\/twitter.png\" \/><\/a><a class=\"synved-social-button synved-social-button-share synved-social-size-32 synved-social-resolution-single synved-social-provider-mail nolightbox\" data-provider=\"mail\" rel=\"nofollow\" title=\"Les derni\u00e8res informations du Snudi-Fo 37\" href=\"mailto:?subject=2020%20%3A%20R%C3%A9mun%C3%A9ration%20des%20fonctionnaires%20toujours%20en%20baisse%20%21&#038;body=Le%20Snudi-Fo%20vous%20informe%3A:%20https%3A%2F%2Fsnudifo37.fr%2Findex.php%2Fwp-json%2Fwp%2Fv2%2Fposts%2F1798\" style=\"font-size: 0px;width:32px;height:32px;margin:0;margin-bottom:20px\"><img loading=\"lazy\" decoding=\"async\" alt=\"mail\" title=\"Les derni\u00e8res informations du Snudi-Fo 37\" class=\"synved-share-image synved-social-image synved-social-image-share\" width=\"32\" height=\"32\" style=\"display: inline;width:32px;height:32px;margin: 0;padding: 0;border: none;box-shadow: none\" src=\"https:\/\/snudifo37.fr\/wp-content\/plugins\/social-media-feather\/synved-social\/image\/social\/regular\/64x64\/mail.png\" \/><\/a>","protected":false},"excerpt":{"rendered":"<p>Les gesticulations et annonces du Secr\u00e9taire d\u2019Etat \u00e0 la Fonction publique ne trompent plus personne : le pouvoir d\u2019achat des fonctionnaires continue de baisser en 2020, d\u2019autant que depuis le 1 er janvier, la retenue pour pension civile a augment\u00e9 de + 0,27 point, passant de 10,83% \u00e0 11,10%. Pour m\u00e9moire, cette retenue n\u2019\u00e9tait que de 7,85% en 2010.<\/p>\n","protected":false},"author":1,"featured_media":1775,"comment_status":"closed","ping_status":"closed","sticky":false,"template":"","format":"standard","meta":{"footnotes":""},"categories":[1],"tags":[150,242,400,470,471,332,468],"class_list":["post-1798","post","type-post","status-publish","format-standard","has-post-thumbnail","hentry","category-non-classe","tag-150","tag-fgf-fo","tag-fonctionnaire","tag-gel","tag-point-indice","tag-revalorisation","tag-renumeration"],"_links":{"self":[{"href":"https:\/\/snudifo37.fr\/index.php\/wp-json\/wp\/v2\/posts\/1798","targetHints":{"allow":["GET"]}}],"collection":[{"href":"https:\/\/snudifo37.fr\/index.php\/wp-json\/wp\/v2\/posts"}],"about":[{"href":"https:\/\/snudifo37.fr\/index.php\/wp-json\/wp\/v2\/types\/post"}],"author":[{"embeddable":true,"href":"https:\/\/snudifo37.fr\/index.php\/wp-json\/wp\/v2\/users\/1"}],"replies":[{"embeddable":true,"href":"https:\/\/snudifo37.fr\/index.php\/wp-json\/wp\/v2\/comments?post=1798"}],"version-history":[{"count":1,"href":"https:\/\/snudifo37.fr\/index.php\/wp-json\/wp\/v2\/posts\/1798\/revisions"}],"predecessor-version":[{"id":1800,"href":"https:\/\/snudifo37.fr\/index.php\/wp-json\/wp\/v2\/posts\/1798\/revisions\/1800"}],"wp:featuredmedia":[{"embeddable":true,"href":"https:\/\/snudifo37.fr\/index.php\/wp-json\/wp\/v2\/media\/1775"}],"wp:attachment":[{"href":"https:\/\/snudifo37.fr\/index.php\/wp-json\/wp\/v2\/media?parent=1798"}],"wp:term":[{"taxonomy":"category","embeddable":true,"href":"https:\/\/snudifo37.fr\/index.php\/wp-json\/wp\/v2\/categories?post=1798"},{"taxonomy":"post_tag","embeddable":true,"href":"https:\/\/snudifo37.fr\/index.php\/wp-json\/wp\/v2\/tags?post=1798"}],"curies":[{"name":"wp","href":"https:\/\/api.w.org\/{rel}","templated":true}]}}