{"id":1731,"date":"2020-02-06T21:29:33","date_gmt":"2020-02-06T20:29:33","guid":{"rendered":"http:\/\/snudifo37.fr\/?p=1731"},"modified":"2020-02-15T23:02:38","modified_gmt":"2020-02-15T22:02:38","slug":"motion-de-lassemblee-generale-de-leducation-du-6-fevrier-2020","status":"publish","type":"post","link":"https:\/\/snudifo37.fr\/index.php\/2020\/02\/06\/motion-de-lassemblee-generale-de-leducation-du-6-fevrier-2020\/","title":{"rendered":"Motion de l&rsquo;Assembl\u00e9e G\u00e9n\u00e9rale de l&rsquo;Education du 6 f\u00e9vrier 2020"},"content":{"rendered":"\n<p><strong>L\u2019Assembl\u00e9e g\u00e9n\u00e9rale Education r\u00e9unie le 6 f\u00e9vrier 2020<\/strong> (une\ncinquantaine de pr\u00e9sents) avec les organisations syndicales FNEC-FP-FO, FSU,\nSud Education, CGT Educ&nbsp;: <\/p>\n\n\n\n<ul class=\"wp-block-list\"><li>Constate que le gouvernement Macron-Philippe, totalement isol\u00e9 dans le pays tant sur le projet de r\u00e9forme des retraites que sur les r\u00e9formes touchant l\u2019ensemble du service public de l\u2019Education (comme par exemple le r\u00e9forme du bac) a d\u00e9cid\u00e9 d\u2019amplifier la politique de r\u00e9pression que nous connaissons depuis plus d\u2019un an<br>  <\/li><li>Exige du ministre Blanquer l\u2019arr\u00eat des interventions polici\u00e8res contre les lyc\u00e9ens et leurs enseignants qui refusent la r\u00e9forme du bac, l\u2019annulation des poursuites judiciaires et l\u2019arr\u00eat des menaces de sanctions disciplinaires <br>  <\/li><li>Appelle les personnels de l\u2019Education \u00e0 s\u2019associer \u00e0 cette prise de position qui sera port\u00e9e \u00e0 l\u2019IA-DASEN lors d\u2019un rassemblement (la date sera pr\u00e9cis\u00e9e ult\u00e9rieurement) <\/li><\/ul>\n\n\n\n<p>Associez-vous et faites associer vos coll\u00e8gues dans votre \u00e9cole ou votre \u00e9tablissement en t\u00e9l\u00e9chargeant cette motion, et en la faisant conna\u00eetre et signer autour de vous !<\/p>\n\n\n\n<div class=\"wp-block-file\"><a href=\"http:\/\/snudifo37.fr\/wp-content\/uploads\/2020\/02\/Motion-AG-Educ-du-06-02-20.pdf\"><strong>Motion de l&rsquo;Assembl\u00e9e G\u00e9n\u00e9rale Education du 6 f\u00e9vrier 2020<\/strong><\/a><a href=\"http:\/\/snudifo37.fr\/wp-content\/uploads\/2020\/02\/Motion-AG-Educ-du-06-02-20.pdf\" class=\"wp-block-file__button\" download>T\u00e9l\u00e9charger<\/a><\/div>\n<a class=\"synved-social-button synved-social-button-share synved-social-size-32 synved-social-resolution-single synved-social-provider-facebook nolightbox\" data-provider=\"facebook\" target=\"_blank\" rel=\"nofollow\" title=\"Faites le savoir \u00e0 vos amis via Facebook \" href=\"https:\/\/www.facebook.com\/sharer.php?u=https%3A%2F%2Fsnudifo37.fr%2Findex.php%2Fwp-json%2Fwp%2Fv2%2Fposts%2F1731&#038;t=Motion%20de%20l%E2%80%99Assembl%C3%A9e%20G%C3%A9n%C3%A9rale%20de%20l%E2%80%99Education%20du%206%20f%C3%A9vrier%202020&#038;s=100&#038;p&#091;url&#093;=https%3A%2F%2Fsnudifo37.fr%2Findex.php%2Fwp-json%2Fwp%2Fv2%2Fposts%2F1731&#038;p&#091;images&#093;&#091;0&#093;=&#038;p&#091;title&#093;=Motion%20de%20l%E2%80%99Assembl%C3%A9e%20G%C3%A9n%C3%A9rale%20de%20l%E2%80%99Education%20du%206%20f%C3%A9vrier%202020\" style=\"font-size: 0px;width:32px;height:32px;margin:0;margin-bottom:20px;margin-right:20px\"><img loading=\"lazy\" decoding=\"async\" alt=\"Facebook\" title=\"Faites le savoir \u00e0 vos amis via Facebook \" class=\"synved-share-image synved-social-image synved-social-image-share\" width=\"32\" height=\"32\" style=\"display: inline;width:32px;height:32px;margin: 0;padding: 0;border: none;box-shadow: none\" src=\"https:\/\/snudifo37.fr\/wp-content\/plugins\/social-media-feather\/synved-social\/image\/social\/regular\/64x64\/facebook.png\" \/><\/a><a class=\"synved-social-button synved-social-button-share synved-social-size-32 synved-social-resolution-single synved-social-provider-twitter nolightbox\" data-provider=\"twitter\" target=\"_blank\" rel=\"nofollow\" title=\"Informez-en vos amis via Twitter\" href=\"https:\/\/twitter.com\/intent\/tweet?url=https%3A%2F%2Fsnudifo37.fr%2Findex.php%2Fwp-json%2Fwp%2Fv2%2Fposts%2F1731&#038;text=Le%20Snudi-Fo%20vous%20informe%3A\" style=\"font-size: 0px;width:32px;height:32px;margin:0;margin-bottom:20px;margin-right:20px\"><img loading=\"lazy\" decoding=\"async\" alt=\"twitter\" title=\"Informez-en vos amis via Twitter\" class=\"synved-share-image synved-social-image synved-social-image-share\" width=\"32\" height=\"32\" style=\"display: inline;width:32px;height:32px;margin: 0;padding: 0;border: none;box-shadow: none\" src=\"https:\/\/snudifo37.fr\/wp-content\/plugins\/social-media-feather\/synved-social\/image\/social\/regular\/64x64\/twitter.png\" \/><\/a><a class=\"synved-social-button synved-social-button-share synved-social-size-32 synved-social-resolution-single synved-social-provider-mail nolightbox\" data-provider=\"mail\" rel=\"nofollow\" title=\"Les derni\u00e8res informations du Snudi-Fo 37\" href=\"mailto:?subject=Motion%20de%20l%E2%80%99Assembl%C3%A9e%20G%C3%A9n%C3%A9rale%20de%20l%E2%80%99Education%20du%206%20f%C3%A9vrier%202020&#038;body=Le%20Snudi-Fo%20vous%20informe%3A:%20https%3A%2F%2Fsnudifo37.fr%2Findex.php%2Fwp-json%2Fwp%2Fv2%2Fposts%2F1731\" style=\"font-size: 0px;width:32px;height:32px;margin:0;margin-bottom:20px\"><img loading=\"lazy\" decoding=\"async\" alt=\"mail\" title=\"Les derni\u00e8res informations du Snudi-Fo 37\" class=\"synved-share-image synved-social-image synved-social-image-share\" width=\"32\" height=\"32\" style=\"display: inline;width:32px;height:32px;margin: 0;padding: 0;border: none;box-shadow: none\" src=\"https:\/\/snudifo37.fr\/wp-content\/plugins\/social-media-feather\/synved-social\/image\/social\/regular\/64x64\/mail.png\" \/><\/a>","protected":false},"excerpt":{"rendered":"<p>Retrouvez ici la motion vot\u00e9e par l&rsquo;Assembl\u00e9e G\u00e9n\u00e9rale de l&rsquo;Education \u00e0 l&rsquo;issu de la manifestation du 6 f\u00e9vrier 2020.<\/p>\n","protected":false},"author":1,"featured_media":0,"comment_status":"closed","ping_status":"closed","sticky":false,"template":"","format":"standard","meta":{"footnotes":""},"categories":[7],"tags":[150,441,184,65,225,291,66],"class_list":["post-1731","post","type-post","status-publish","format-standard","hentry","category-syndicat","tag-150","tag-6-fevrier","tag-ag","tag-assemblee-generale","tag-greve","tag-motion","tag-petition"],"_links":{"self":[{"href":"https:\/\/snudifo37.fr\/index.php\/wp-json\/wp\/v2\/posts\/1731","targetHints":{"allow":["GET"]}}],"collection":[{"href":"https:\/\/snudifo37.fr\/index.php\/wp-json\/wp\/v2\/posts"}],"about":[{"href":"https:\/\/snudifo37.fr\/index.php\/wp-json\/wp\/v2\/types\/post"}],"author":[{"embeddable":true,"href":"https:\/\/snudifo37.fr\/index.php\/wp-json\/wp\/v2\/users\/1"}],"replies":[{"embeddable":true,"href":"https:\/\/snudifo37.fr\/index.php\/wp-json\/wp\/v2\/comments?post=1731"}],"version-history":[{"count":1,"href":"https:\/\/snudifo37.fr\/index.php\/wp-json\/wp\/v2\/posts\/1731\/revisions"}],"predecessor-version":[{"id":1733,"href":"https:\/\/snudifo37.fr\/index.php\/wp-json\/wp\/v2\/posts\/1731\/revisions\/1733"}],"wp:attachment":[{"href":"https:\/\/snudifo37.fr\/index.php\/wp-json\/wp\/v2\/media?parent=1731"}],"wp:term":[{"taxonomy":"category","embeddable":true,"href":"https:\/\/snudifo37.fr\/index.php\/wp-json\/wp\/v2\/categories?post=1731"},{"taxonomy":"post_tag","embeddable":true,"href":"https:\/\/snudifo37.fr\/index.php\/wp-json\/wp\/v2\/tags?post=1731"}],"curies":[{"name":"wp","href":"https:\/\/api.w.org\/{rel}","templated":true}]}}