{"id":1655,"date":"2020-01-26T21:24:36","date_gmt":"2020-01-26T20:24:36","guid":{"rendered":"http:\/\/snudifo37.fr\/?p=1655"},"modified":"2020-01-26T21:24:38","modified_gmt":"2020-01-26T20:24:38","slug":"communique-fo-esr-37-sur-lintervention-policiere-du-22-janvier-a-la-faculte-des-lettres-de-tours","status":"publish","type":"post","link":"https:\/\/snudifo37.fr\/index.php\/2020\/01\/26\/communique-fo-esr-37-sur-lintervention-policiere-du-22-janvier-a-la-faculte-des-lettres-de-tours\/","title":{"rendered":"Communiqu\u00e9 FO ESR 37 sur l\u2019intervention polici\u00e8re du 22 janvier \u00e0 la facult\u00e9 des lettres de Tours"},"content":{"rendered":"\n<p>Par d\u00e9cision pr\u00e9fectorale, \u00e0 la demande du pr\u00e9sident de  l\u2019universit\u00e9, une intervention polici\u00e8re a eu lieu ce 22 janvier au matin pour d\u00e9loger des \u00e9tudiants qui occupaient la facult\u00e9 des lettres.<\/p>\n\n\n\n<p>Nous condamnons par principe cette intervention, ainsi que la r\u00e9pression que nous connaissons depuis plus d\u2019un an et qui s\u2019en prend violemment aux libert\u00e9s d\u00e9mocratiques.<\/p>\n\n\n\n<p>Pour FO ESR, le gouvernement du pr\u00e9sident Macron porte la pleine responsabilit\u00e9 de la situation de tension qui existe aujourd\u2019hui dans le pays.<\/p>\n\n\n\n<p>Il est \u00e9vident que cela est d\u00fb au maintien d\u2019un projet de r\u00e9forme des retraites rejet\u00e9 par la grande majorit\u00e9 de la population mais aussi par la jeunesse, qui cherche les formes d\u2019action lui permettant de se faire entendre \u2013 comme elle l\u2019avait fait par exemple voici quinze ans avec le rejet du CPE.<\/p>\n\n\n\n<p>C\u2019est par la mobilisation du grand nombre, salari\u00e9s comme \u00e9tudiants, que nous obligerons nos gouvernants \u00e0 c\u00e9der.<\/p>\n\n\n\n<p>C\u2019est \u00e0 ce r\u00e9sultat qu\u2019\u0153uvre FO ESR Universit\u00e9 de Tours, avec sa f\u00e9d\u00e9ration et son Union d\u00e9partementale.<\/p>\n<a class=\"synved-social-button synved-social-button-share synved-social-size-32 synved-social-resolution-single synved-social-provider-facebook nolightbox\" data-provider=\"facebook\" target=\"_blank\" rel=\"nofollow\" title=\"Faites le savoir \u00e0 vos amis via Facebook \" href=\"https:\/\/www.facebook.com\/sharer.php?u=https%3A%2F%2Fsnudifo37.fr%2Findex.php%2Fwp-json%2Fwp%2Fv2%2Fposts%2F1655&#038;t=Communiqu%C3%A9%20FO%20ESR%2037%20sur%20l%E2%80%99intervention%20polici%C3%A8re%20du%2022%20janvier%20%C3%A0%20la%20facult%C3%A9%20des%20lettres%20de%20Tours&#038;s=100&#038;p&#091;url&#093;=https%3A%2F%2Fsnudifo37.fr%2Findex.php%2Fwp-json%2Fwp%2Fv2%2Fposts%2F1655&#038;p&#091;images&#093;&#091;0&#093;=&#038;p&#091;title&#093;=Communiqu%C3%A9%20FO%20ESR%2037%20sur%20l%E2%80%99intervention%20polici%C3%A8re%20du%2022%20janvier%20%C3%A0%20la%20facult%C3%A9%20des%20lettres%20de%20Tours\" style=\"font-size: 0px;width:32px;height:32px;margin:0;margin-bottom:20px;margin-right:20px\"><img loading=\"lazy\" decoding=\"async\" alt=\"Facebook\" title=\"Faites le savoir \u00e0 vos amis via Facebook \" class=\"synved-share-image synved-social-image synved-social-image-share\" width=\"32\" height=\"32\" style=\"display: inline;width:32px;height:32px;margin: 0;padding: 0;border: none;box-shadow: none\" src=\"https:\/\/snudifo37.fr\/wp-content\/plugins\/social-media-feather\/synved-social\/image\/social\/regular\/64x64\/facebook.png\" \/><\/a><a class=\"synved-social-button synved-social-button-share synved-social-size-32 synved-social-resolution-single synved-social-provider-twitter nolightbox\" data-provider=\"twitter\" target=\"_blank\" rel=\"nofollow\" title=\"Informez-en vos amis via Twitter\" href=\"https:\/\/twitter.com\/intent\/tweet?url=https%3A%2F%2Fsnudifo37.fr%2Findex.php%2Fwp-json%2Fwp%2Fv2%2Fposts%2F1655&#038;text=Le%20Snudi-Fo%20vous%20informe%3A\" style=\"font-size: 0px;width:32px;height:32px;margin:0;margin-bottom:20px;margin-right:20px\"><img loading=\"lazy\" decoding=\"async\" alt=\"twitter\" title=\"Informez-en vos amis via Twitter\" class=\"synved-share-image synved-social-image synved-social-image-share\" width=\"32\" height=\"32\" style=\"display: inline;width:32px;height:32px;margin: 0;padding: 0;border: none;box-shadow: none\" src=\"https:\/\/snudifo37.fr\/wp-content\/plugins\/social-media-feather\/synved-social\/image\/social\/regular\/64x64\/twitter.png\" \/><\/a><a class=\"synved-social-button synved-social-button-share synved-social-size-32 synved-social-resolution-single synved-social-provider-mail nolightbox\" data-provider=\"mail\" rel=\"nofollow\" title=\"Les derni\u00e8res informations du Snudi-Fo 37\" href=\"mailto:?subject=Communiqu%C3%A9%20FO%20ESR%2037%20sur%20l%E2%80%99intervention%20polici%C3%A8re%20du%2022%20janvier%20%C3%A0%20la%20facult%C3%A9%20des%20lettres%20de%20Tours&#038;body=Le%20Snudi-Fo%20vous%20informe%3A:%20https%3A%2F%2Fsnudifo37.fr%2Findex.php%2Fwp-json%2Fwp%2Fv2%2Fposts%2F1655\" style=\"font-size: 0px;width:32px;height:32px;margin:0;margin-bottom:20px\"><img loading=\"lazy\" decoding=\"async\" alt=\"mail\" title=\"Les derni\u00e8res informations du Snudi-Fo 37\" class=\"synved-share-image synved-social-image synved-social-image-share\" width=\"32\" height=\"32\" style=\"display: inline;width:32px;height:32px;margin: 0;padding: 0;border: none;box-shadow: none\" src=\"https:\/\/snudifo37.fr\/wp-content\/plugins\/social-media-feather\/synved-social\/image\/social\/regular\/64x64\/mail.png\" \/><\/a>","protected":false},"excerpt":{"rendered":"<p>Retrouvez ici le communiqu\u00e9 du Syndical National Force Ouvri\u00e8re de l&rsquo;Enseignement Sup\u00e9rieur et de la Recherche 37 \u00e0 propos de l&rsquo;intervention polici\u00e8re du 22 janvier \u00e0 la Facult\u00e9 des Tanneurs \u00e0 Tours.<\/p>\n","protected":false},"author":1,"featured_media":0,"comment_status":"closed","ping_status":"closed","sticky":false,"template":"","format":"standard","meta":{"footnotes":""},"categories":[7],"tags":[150,423,422,421,313],"class_list":["post-1655","post","type-post","status-publish","format-standard","hentry","category-syndicat","tag-150","tag-evacuation","tag-faculte-des-lettres","tag-fo-esr-37","tag-tours"],"_links":{"self":[{"href":"https:\/\/snudifo37.fr\/index.php\/wp-json\/wp\/v2\/posts\/1655","targetHints":{"allow":["GET"]}}],"collection":[{"href":"https:\/\/snudifo37.fr\/index.php\/wp-json\/wp\/v2\/posts"}],"about":[{"href":"https:\/\/snudifo37.fr\/index.php\/wp-json\/wp\/v2\/types\/post"}],"author":[{"embeddable":true,"href":"https:\/\/snudifo37.fr\/index.php\/wp-json\/wp\/v2\/users\/1"}],"replies":[{"embeddable":true,"href":"https:\/\/snudifo37.fr\/index.php\/wp-json\/wp\/v2\/comments?post=1655"}],"version-history":[{"count":1,"href":"https:\/\/snudifo37.fr\/index.php\/wp-json\/wp\/v2\/posts\/1655\/revisions"}],"predecessor-version":[{"id":1656,"href":"https:\/\/snudifo37.fr\/index.php\/wp-json\/wp\/v2\/posts\/1655\/revisions\/1656"}],"wp:attachment":[{"href":"https:\/\/snudifo37.fr\/index.php\/wp-json\/wp\/v2\/media?parent=1655"}],"wp:term":[{"taxonomy":"category","embeddable":true,"href":"https:\/\/snudifo37.fr\/index.php\/wp-json\/wp\/v2\/categories?post=1655"},{"taxonomy":"post_tag","embeddable":true,"href":"https:\/\/snudifo37.fr\/index.php\/wp-json\/wp\/v2\/tags?post=1655"}],"curies":[{"name":"wp","href":"https:\/\/api.w.org\/{rel}","templated":true}]}}