{"id":1546,"date":"2020-01-14T21:35:59","date_gmt":"2020-01-14T20:35:59","guid":{"rendered":"http:\/\/snudifo37.fr\/?p=1546"},"modified":"2020-01-14T21:36:32","modified_gmt":"2020-01-14T20:36:32","slug":"le-ministre-nous-prend-pour-des-pigeons","status":"publish","type":"post","link":"https:\/\/snudifo37.fr\/index.php\/2020\/01\/14\/le-ministre-nous-prend-pour-des-pigeons\/","title":{"rendered":"Le ministre nous prend pour des pigeons !"},"content":{"rendered":"\n<p>\u00ab <em>Dans le cadre de la r\u00e9forme des retraites<\/em> \u00bb le ministre Blanquer invite les syndicats \u00e0 une parodie de n\u00e9gociations, dans laquelle il propose 500 millions d\u2019euros pour 2021 en \u00e9change d\u2019un \u00ab <em>calendrier pr\u00e9cis sur les missions des enseignants et leur \u00e9volution<\/em> \u00bb.<\/p>\n\n\n\n<ul class=\"wp-block-list\"><li>500 millions annuels, sur l\u2019ensemble des personnels de l\u2019Education nationale, c\u2019est 40 euros bruts mensuels.<\/li><\/ul>\n\n\n\n<ul class=\"wp-block-list\"><li>La r\u00e9forme des retraites Macron-Philippe-Berger, c\u2019est plusieurs centaines d\u2019euros de pension en moins par mois.<\/li><\/ul>\n\n\n\n<ul class=\"wp-block-list\"><li>400 euros par mois en moins de pouvoir d\u2019achat : c\u2019est l\u2019effet conjugu\u00e9 du gel du point d\u2019indice et de l\u2019inflation depuis 2000, pour un personnel de cat\u00e9gorie A.<ul><li>300 euros par mois pour un personnel de cat\u00e9gorie B<\/li><\/ul><ul><li>200 euros mensuels pour un personnel de cat\u00e9gorie C<\/li><\/ul><\/li><\/ul>\n\n\n\n<p>L\u2019article 1 du projet de loi ne trompe personne : \u00ab garantir un m\u00eame niveau de retraite pour les enseignants et chercheurs que pour des corps \u00e9quivalents de m\u00eame cat\u00e9gorie de la fonction publique \u00bb, c\u2019est garantir la baisse du niveau des pensions pour tout le monde !<\/p>\n\n\n\n<p>Depuis le 5 d\u00e9cembre, dans de nombreux \u00e9tablissements et services, des AG quotidiennes se tiennent pour d\u00e9cider la gr\u00e8ve. Les personnels de l\u2019Education nationale sont aux c\u00f4t\u00e9s des cheminots, des salari\u00e9s de la RATP, de l\u2019EDF et manifestent contre \u00ab la d\u00e9termination du gouvernement \u00bb \u00e0 imposer un syst\u00e8me qui fait perdre de 30 \u00e0 40% de pension. Ils manifestent contre la remise en cause de leurs droits, de leur statut, dont le Code des Pensions civiles fait partie int\u00e9grante.<\/p>\n\n\n\n<p class=\"has-text-color has-text-align-center has-medium-font-size has-vivid-red-color\"><strong>Pas question d\u2019accepter ce jeu de dupes !<\/strong><\/p>\n\n\n\n<p>Pour le ministre Blanquer, il faudrait cesser la gr\u00e8ve, la d\u00e9fense des revendications, se vendre pour un plat de lentilles, et accompagner la modification de nos carri\u00e8res, du temps de travail, de nos missions.<\/p>\n\n\n\n<p>La FNEC FP-FO a refus\u00e9 de se ranger derri\u00e8re cette mascarade. Avec sa f\u00e9d\u00e9ration de fonctionnaires la FGF- FO, la FNEC FP-FO s\u2019est adress\u00e9e au gouvernement pour exiger l\u2019ouverture de vraies n\u00e9gociations portant<br> sur l\u2019augmentation des salaires.<\/p>\n\n\n\n<p>La FNEC FP-FO le dit clairement au ministre : depuis 42 jours les salari\u00e9s du public et du priv\u00e9 sont en gr\u00e8ve, ils sont d\u00e9termin\u00e9s. Ils ne sont pas dupes des man\u0153uvres gouvernementales, que ce soit le coup mont\u00e9 entre le Edouard Philippe, la CFDT et l\u2019UNSA sur \u00ab l\u2019\u00e2ge pipeau \u00bb, ou la pseudo-revalorisation annonc\u00e9e \u00e0 l\u2019Education nationale.<\/p>\n\n\n\n<p class=\"has-text-color has-text-align-center has-medium-font-size has-vivid-red-color\"><strong>AG partout pour amplifier la gr\u00e8ve,<br>Retrait de la r\u00e9forme universelle par points !<\/strong><\/p>\n\n\n\n<p>Les faire c\u00e9der sur les retraites, c\u2019est ouvrir la voie \u00e0 la satisfaction de toutes les revendications. La FNEC FP-FO appelle les personnels \u00e0 pr\u00e9parer et poursuivre la gr\u00e8ve, et \u00e0 participer massivement aux manifestations interprofessionnelles du 16 janvier 2020.<\/p>\n\n\n\n<p class=\"has-text-align-right\"><em>\u00e0 Montreuil, le 14 janvier 2020<\/em><\/p>\n<a class=\"synved-social-button synved-social-button-share synved-social-size-32 synved-social-resolution-single synved-social-provider-facebook nolightbox\" data-provider=\"facebook\" target=\"_blank\" rel=\"nofollow\" title=\"Faites le savoir \u00e0 vos amis via Facebook \" href=\"https:\/\/www.facebook.com\/sharer.php?u=https%3A%2F%2Fsnudifo37.fr%2Findex.php%2Fwp-json%2Fwp%2Fv2%2Fposts%2F1546&#038;t=Le%20ministre%20nous%20prend%20pour%20des%20pigeons%20%21&#038;s=100&#038;p&#091;url&#093;=https%3A%2F%2Fsnudifo37.fr%2Findex.php%2Fwp-json%2Fwp%2Fv2%2Fposts%2F1546&#038;p&#091;images&#093;&#091;0&#093;=&#038;p&#091;title&#093;=Le%20ministre%20nous%20prend%20pour%20des%20pigeons%20%21\" style=\"font-size: 0px;width:32px;height:32px;margin:0;margin-bottom:20px;margin-right:20px\"><img loading=\"lazy\" decoding=\"async\" alt=\"Facebook\" title=\"Faites le savoir \u00e0 vos amis via Facebook \" class=\"synved-share-image synved-social-image synved-social-image-share\" width=\"32\" height=\"32\" style=\"display: inline;width:32px;height:32px;margin: 0;padding: 0;border: none;box-shadow: none\" src=\"https:\/\/snudifo37.fr\/wp-content\/plugins\/social-media-feather\/synved-social\/image\/social\/regular\/64x64\/facebook.png\" \/><\/a><a class=\"synved-social-button synved-social-button-share synved-social-size-32 synved-social-resolution-single synved-social-provider-twitter nolightbox\" data-provider=\"twitter\" target=\"_blank\" rel=\"nofollow\" title=\"Informez-en vos amis via Twitter\" href=\"https:\/\/twitter.com\/intent\/tweet?url=https%3A%2F%2Fsnudifo37.fr%2Findex.php%2Fwp-json%2Fwp%2Fv2%2Fposts%2F1546&#038;text=Le%20Snudi-Fo%20vous%20informe%3A\" style=\"font-size: 0px;width:32px;height:32px;margin:0;margin-bottom:20px;margin-right:20px\"><img loading=\"lazy\" decoding=\"async\" alt=\"twitter\" title=\"Informez-en vos amis via Twitter\" class=\"synved-share-image synved-social-image synved-social-image-share\" width=\"32\" height=\"32\" style=\"display: inline;width:32px;height:32px;margin: 0;padding: 0;border: none;box-shadow: none\" src=\"https:\/\/snudifo37.fr\/wp-content\/plugins\/social-media-feather\/synved-social\/image\/social\/regular\/64x64\/twitter.png\" \/><\/a><a class=\"synved-social-button synved-social-button-share synved-social-size-32 synved-social-resolution-single synved-social-provider-mail nolightbox\" data-provider=\"mail\" rel=\"nofollow\" title=\"Les derni\u00e8res informations du Snudi-Fo 37\" href=\"mailto:?subject=Le%20ministre%20nous%20prend%20pour%20des%20pigeons%20%21&#038;body=Le%20Snudi-Fo%20vous%20informe%3A:%20https%3A%2F%2Fsnudifo37.fr%2Findex.php%2Fwp-json%2Fwp%2Fv2%2Fposts%2F1546\" style=\"font-size: 0px;width:32px;height:32px;margin:0;margin-bottom:20px\"><img loading=\"lazy\" decoding=\"async\" alt=\"mail\" title=\"Les derni\u00e8res informations du Snudi-Fo 37\" class=\"synved-share-image synved-social-image synved-social-image-share\" width=\"32\" height=\"32\" style=\"display: inline;width:32px;height:32px;margin: 0;padding: 0;border: none;box-shadow: none\" src=\"https:\/\/snudifo37.fr\/wp-content\/plugins\/social-media-feather\/synved-social\/image\/social\/regular\/64x64\/mail.png\" \/><\/a>","protected":false},"excerpt":{"rendered":"<p>\u00ab Dans le cadre de la r\u00e9forme des retraites \u00bb le ministre Blanquer invite les syndicats \u00e0 une parodie de n\u00e9gociations, dans laquelle il propose 500 millions d\u2019euros pour 2021 en \u00e9change d\u2019un \u00ab calendrier pr\u00e9cis sur les missions des enseignants et leur \u00e9volution \u00bb.<\/p>\n","protected":false},"author":1,"featured_media":0,"comment_status":"closed","ping_status":"closed","sticky":false,"template":"","format":"standard","meta":{"footnotes":""},"categories":[7],"tags":[150,184,65,31,305,304,269,99],"class_list":["post-1546","post","type-post","status-publish","format-standard","hentry","category-syndicat","tag-150","tag-ag","tag-assemblee-generale","tag-fnec-fp-fo","tag-greve-generale","tag-greve-illimitee","tag-greve-reconductible","tag-salaires"],"_links":{"self":[{"href":"https:\/\/snudifo37.fr\/index.php\/wp-json\/wp\/v2\/posts\/1546","targetHints":{"allow":["GET"]}}],"collection":[{"href":"https:\/\/snudifo37.fr\/index.php\/wp-json\/wp\/v2\/posts"}],"about":[{"href":"https:\/\/snudifo37.fr\/index.php\/wp-json\/wp\/v2\/types\/post"}],"author":[{"embeddable":true,"href":"https:\/\/snudifo37.fr\/index.php\/wp-json\/wp\/v2\/users\/1"}],"replies":[{"embeddable":true,"href":"https:\/\/snudifo37.fr\/index.php\/wp-json\/wp\/v2\/comments?post=1546"}],"version-history":[{"count":1,"href":"https:\/\/snudifo37.fr\/index.php\/wp-json\/wp\/v2\/posts\/1546\/revisions"}],"predecessor-version":[{"id":1547,"href":"https:\/\/snudifo37.fr\/index.php\/wp-json\/wp\/v2\/posts\/1546\/revisions\/1547"}],"wp:attachment":[{"href":"https:\/\/snudifo37.fr\/index.php\/wp-json\/wp\/v2\/media?parent=1546"}],"wp:term":[{"taxonomy":"category","embeddable":true,"href":"https:\/\/snudifo37.fr\/index.php\/wp-json\/wp\/v2\/categories?post=1546"},{"taxonomy":"post_tag","embeddable":true,"href":"https:\/\/snudifo37.fr\/index.php\/wp-json\/wp\/v2\/tags?post=1546"}],"curies":[{"name":"wp","href":"https:\/\/api.w.org\/{rel}","templated":true}]}}