{"id":1497,"date":"2020-01-08T20:34:28","date_gmt":"2020-01-08T19:34:28","guid":{"rendered":"http:\/\/snudifo37.fr\/?p=1497"},"modified":"2020-01-08T20:34:30","modified_gmt":"2020-01-08T19:34:30","slug":"direction-decole-le-ministre-rattrape-par-la-realite-du-terrain","status":"publish","type":"post","link":"https:\/\/snudifo37.fr\/index.php\/2020\/01\/08\/direction-decole-le-ministre-rattrape-par-la-realite-du-terrain\/","title":{"rendered":"Direction d&rsquo;\u00e9cole: le ministre rattrap\u00e9 par la r\u00e9alit\u00e9 du terrain !"},"content":{"rendered":"\n<p>Le SNUDI-FO a pris connaissance des r\u00e9ponses des directeurs d\u2019\u00e9cole au questionnaire qui leur avait \u00e9t\u00e9 envoy\u00e9 par le minist\u00e8re en novembre.<\/p>\n\n\n\n<p>Le SNUDI-FO n\u2019\u00e9tait pas demandeur d\u2019un tel questionnaire mais au contraire de la satisfaction imm\u00e9diate des revendications sur la direction d\u2019\u00e9cole, qui sont connues depuis de nombreuses ann\u00e9es. D\u2019autre part, ce proc\u00e9d\u00e9 conduisait \u00e0 limiter la probl\u00e9matique de la direction d\u2019\u00e9cole aux seuls directeurs, alors qu\u2019elle concerne tous les enseignants. Par ailleurs, <strong>le SNUDI-FO continue d\u2019exiger la tenue d\u2019instances (CTSD et CHSCT) dans tous les d\u00e9partements pour que les syndicats puissent d\u00e9fendre les conditions de travail, les revendications et les moyens mis en oeuvre pour la direction<\/strong>.<\/p>\n\n\n\n<p>N\u00e9anmoins, les r\u00e9ponses du questionnaire sont un cruel d\u00e9saveu pour le ministre Blanquer ou la d\u00e9put\u00e9e Rilhac (auteure du rapport parlementaire missions flash sur la direction d\u2019\u00e9cole), qui tentent d\u2019imposer un statut de directeur ou de chef d\u2019\u00e9tablissements du 1er degr\u00e9, des regroupements d\u2019\u00e9cole de type EPEP ou EPSF.<\/p>\n\n\n\n<p>A la question\u00a0<em>\u00ab Avez-vous des pistes concr\u00e8tes d\u2019am\u00e9lioration de vos t\u00e2ches de direction \u00e0 proposer ? \u00bb,<\/em>\u00a0<strong>seuls 11% des directeurs r\u00e9pondent\u00a0<em>\u00ab Avoir un v\u00e9ritable statut de directeur, chef d\u2019\u00e9tablissement \u00bb<\/em><\/strong><em>.<\/em><\/p>\n\n\n\n<p>A la question \u00ab Y a-t-il une question qui n\u2019a pas \u00e9t\u00e9 pos\u00e9e pr\u00e9c\u00e9demment et qui aurait d\u00fb l\u2019\u00eatre ? \u00bb, <strong>seuls 10% des directeurs r\u00e9pondent\u00a0<em>\u00ab La question du statut du directeur \u00bb<\/em><\/strong>.<\/p>\n\n\n\n<p>A contrario, les directeurs ont r\u00e9affirm\u00e9 leurs revendications :<\/p>\n\n\n\n<ul class=\"wp-block-list\"><li>36% d\u2019entre eux exigent l\u2019augmentation de leur temps de d\u00e9charge<\/li><li>33% r\u00e9clament une aide administrative ou une secr\u00e9taire (aide administrative qui, rappelons-le, a \u00e9t\u00e9 supprim\u00e9e par ce gouvernement)<\/li><li>27% demandent une simplification des t\u00e2ches<\/li><li>19% d\u2019entre eux donnent la priorit\u00e9 \u00e0 une revalorisation salariale<\/li><\/ul>\n\n\n\n<p>Le ministre doit maintenant r\u00e9pondre. Il doit clairement indiquer que la mise en place d\u2019un statut de directeur ou de chef d\u2019\u00e9tablissement du 1er degr\u00e9 est d\u00e9finitivement enterr\u00e9e.<\/p>\n\n\n\n<p>Il doit acc\u00e9der imm\u00e9diatement aux revendications exprim\u00e9es en :<\/p>\n\n\n\n<ul class=\"wp-block-list\"><li>Augmentant significativement le temps de d\u00e9charge des directeurs<\/li><li>Accordant une aide administrative statutaire \u00e0 chaque \u00e9cole<\/li><li>Attribuant une am\u00e9lioration indiciaire cons\u00e9quente \u00e0 tous les directeurs : 100 points d\u2019indice pour tous !<\/li><li>Proc\u00e9dant \u00e0 un r\u00e9el am\u00e9nagement des t\u00e2ches, comme par exemple arr\u00eater d\u2019imposer aux directeurs de r\u00e9diger les PPMS alors qu\u2019ils n\u2019ont aucune comp\u00e9tence en mati\u00e8re de s\u00e9curit\u00e9<\/li><\/ul>\n\n\n\n<p>Les cr\u00e9ations de postes pr\u00e9vues pour la rentr\u00e9e 2020 sont pour le moment tr\u00e8s insuffisantes (1885 de moins que cette ann\u00e9e!) pour r\u00e9pondre \u00e0 ces revendications notamment en termes de d\u00e9charges. Aucun r\u00e9tablissement des aides administratives n\u2019est actuellement budg\u00e9t\u00e9.<\/p>\n\n\n\n<p class=\"has-text-color has-vivid-red-color\"><strong>Pour le SNUDI-FO, il est urgent que le ministre prenne la mesure des besoins n\u00e9cessaires !<\/strong><\/p>\n\n\n\n<p>Le SNUDI-FO est pleinement engag\u00e9 dans la gr\u00e8ve pour l\u2019abandon du projet de retraite par points et appelle les personnels \u00e0 se r\u00e9unir en assembl\u00e9es g\u00e9n\u00e9rales pour d\u00e9cider la gr\u00e8ve jusqu\u2019\u00e0 son retrait.<\/p>\n\n\n\n<p><strong>Faire reculer le gouvernement sur sa r\u00e9forme des retraites, c\u2019est cr\u00e9er les conditions pour obtenir satisfaction sur toutes nos revendications, en particulier celles sur la direction d\u2019\u00e9cole.<\/strong><\/p>\n\n\n\n<p class=\"has-text-align-right\"><em>Montreuil, le 8 janvier 2020<\/em><\/p>\n<a class=\"synved-social-button synved-social-button-share synved-social-size-32 synved-social-resolution-single synved-social-provider-facebook nolightbox\" data-provider=\"facebook\" target=\"_blank\" rel=\"nofollow\" title=\"Faites le savoir \u00e0 vos amis via Facebook \" href=\"https:\/\/www.facebook.com\/sharer.php?u=https%3A%2F%2Fsnudifo37.fr%2Findex.php%2Fwp-json%2Fwp%2Fv2%2Fposts%2F1497&#038;t=Direction%20d%E2%80%99%C3%A9cole%3A%20le%20ministre%20rattrap%C3%A9%20par%20la%20r%C3%A9alit%C3%A9%20du%20terrain%20%21&#038;s=100&#038;p&#091;url&#093;=https%3A%2F%2Fsnudifo37.fr%2Findex.php%2Fwp-json%2Fwp%2Fv2%2Fposts%2F1497&#038;p&#091;images&#093;&#091;0&#093;=&#038;p&#091;title&#093;=Direction%20d%E2%80%99%C3%A9cole%3A%20le%20ministre%20rattrap%C3%A9%20par%20la%20r%C3%A9alit%C3%A9%20du%20terrain%20%21\" style=\"font-size: 0px;width:32px;height:32px;margin:0;margin-bottom:20px;margin-right:20px\"><img loading=\"lazy\" decoding=\"async\" alt=\"Facebook\" title=\"Faites le savoir \u00e0 vos amis via Facebook \" class=\"synved-share-image synved-social-image synved-social-image-share\" width=\"32\" height=\"32\" style=\"display: inline;width:32px;height:32px;margin: 0;padding: 0;border: none;box-shadow: none\" src=\"https:\/\/snudifo37.fr\/wp-content\/plugins\/social-media-feather\/synved-social\/image\/social\/regular\/64x64\/facebook.png\" \/><\/a><a class=\"synved-social-button synved-social-button-share synved-social-size-32 synved-social-resolution-single synved-social-provider-twitter nolightbox\" data-provider=\"twitter\" target=\"_blank\" rel=\"nofollow\" title=\"Informez-en vos amis via Twitter\" href=\"https:\/\/twitter.com\/intent\/tweet?url=https%3A%2F%2Fsnudifo37.fr%2Findex.php%2Fwp-json%2Fwp%2Fv2%2Fposts%2F1497&#038;text=Le%20Snudi-Fo%20vous%20informe%3A\" style=\"font-size: 0px;width:32px;height:32px;margin:0;margin-bottom:20px;margin-right:20px\"><img loading=\"lazy\" decoding=\"async\" alt=\"twitter\" title=\"Informez-en vos amis via Twitter\" class=\"synved-share-image synved-social-image synved-social-image-share\" width=\"32\" height=\"32\" style=\"display: inline;width:32px;height:32px;margin: 0;padding: 0;border: none;box-shadow: none\" src=\"https:\/\/snudifo37.fr\/wp-content\/plugins\/social-media-feather\/synved-social\/image\/social\/regular\/64x64\/twitter.png\" \/><\/a><a class=\"synved-social-button synved-social-button-share synved-social-size-32 synved-social-resolution-single synved-social-provider-mail nolightbox\" data-provider=\"mail\" rel=\"nofollow\" title=\"Les derni\u00e8res informations du Snudi-Fo 37\" href=\"mailto:?subject=Direction%20d%E2%80%99%C3%A9cole%3A%20le%20ministre%20rattrap%C3%A9%20par%20la%20r%C3%A9alit%C3%A9%20du%20terrain%20%21&#038;body=Le%20Snudi-Fo%20vous%20informe%3A:%20https%3A%2F%2Fsnudifo37.fr%2Findex.php%2Fwp-json%2Fwp%2Fv2%2Fposts%2F1497\" style=\"font-size: 0px;width:32px;height:32px;margin:0;margin-bottom:20px\"><img loading=\"lazy\" decoding=\"async\" alt=\"mail\" title=\"Les derni\u00e8res informations du Snudi-Fo 37\" class=\"synved-share-image synved-social-image synved-social-image-share\" width=\"32\" height=\"32\" style=\"display: inline;width:32px;height:32px;margin: 0;padding: 0;border: none;box-shadow: none\" src=\"https:\/\/snudifo37.fr\/wp-content\/plugins\/social-media-feather\/synved-social\/image\/social\/regular\/64x64\/mail.png\" \/><\/a>","protected":false},"excerpt":{"rendered":"<p>Les directeurs ne veulent pas d\u2019un statut, ils veulent plus de temps de d\u00e9charge, une aide administrative, une am\u00e9lioration financi\u00e8re et un r\u00e9el all\u00e8gement des t\u00e2ches !<\/p>\n","protected":false},"author":1,"featured_media":0,"comment_status":"closed","ping_status":"closed","sticky":false,"template":"","format":"standard","meta":{"footnotes":""},"categories":[335,336],"tags":[150,34,25,155,82,389,390,283,97],"class_list":["post-1497","post","type-post","status-publish","format-standard","hentry","category-direction-decole","category-news-communiques","tag-150","tag-blanquer","tag-chsct","tag-conditions-de-travail","tag-ctsd","tag-enquete-direction","tag-questionnaire","tag-revendications","tag-resultats"],"_links":{"self":[{"href":"https:\/\/snudifo37.fr\/index.php\/wp-json\/wp\/v2\/posts\/1497","targetHints":{"allow":["GET"]}}],"collection":[{"href":"https:\/\/snudifo37.fr\/index.php\/wp-json\/wp\/v2\/posts"}],"about":[{"href":"https:\/\/snudifo37.fr\/index.php\/wp-json\/wp\/v2\/types\/post"}],"author":[{"embeddable":true,"href":"https:\/\/snudifo37.fr\/index.php\/wp-json\/wp\/v2\/users\/1"}],"replies":[{"embeddable":true,"href":"https:\/\/snudifo37.fr\/index.php\/wp-json\/wp\/v2\/comments?post=1497"}],"version-history":[{"count":1,"href":"https:\/\/snudifo37.fr\/index.php\/wp-json\/wp\/v2\/posts\/1497\/revisions"}],"predecessor-version":[{"id":1498,"href":"https:\/\/snudifo37.fr\/index.php\/wp-json\/wp\/v2\/posts\/1497\/revisions\/1498"}],"wp:attachment":[{"href":"https:\/\/snudifo37.fr\/index.php\/wp-json\/wp\/v2\/media?parent=1497"}],"wp:term":[{"taxonomy":"category","embeddable":true,"href":"https:\/\/snudifo37.fr\/index.php\/wp-json\/wp\/v2\/categories?post=1497"},{"taxonomy":"post_tag","embeddable":true,"href":"https:\/\/snudifo37.fr\/index.php\/wp-json\/wp\/v2\/tags?post=1497"}],"curies":[{"name":"wp","href":"https:\/\/api.w.org\/{rel}","templated":true}]}}