{"id":1465,"date":"2020-01-04T22:18:38","date_gmt":"2020-01-04T21:18:38","guid":{"rendered":"http:\/\/snudifo37.fr\/?p=1465"},"modified":"2020-01-04T22:18:40","modified_gmt":"2020-01-04T21:18:40","slug":"face-au-mepris-du-gouvernement-la-fnec-fp-fo-appelle-a-poursuivre-la-greve","status":"publish","type":"post","link":"https:\/\/snudifo37.fr\/index.php\/2020\/01\/04\/face-au-mepris-du-gouvernement-la-fnec-fp-fo-appelle-a-poursuivre-la-greve\/","title":{"rendered":"Face au m\u00e9pris du gouvernement, la FNEC FP-FO appelle \u00e0 poursuivre la gr\u00e8ve !"},"content":{"rendered":"\n<div class=\"wp-block-image\"><figure class=\"aligncenter size-large is-resized\"><img loading=\"lazy\" decoding=\"async\" src=\"http:\/\/snudifo37.fr\/wp-content\/uploads\/2019\/05\/logo_Fnec_moyen.png\" alt=\"F\u00e9d\u00e9ration Nationale de l'Enseignement, de la Culture et de la Formation Professionnelle Force Ouvri\u00e8re\" class=\"wp-image-390\" width=\"236\" height=\"246\" srcset=\"https:\/\/snudifo37.fr\/wp-content\/uploads\/2019\/05\/logo_Fnec_moyen.png 472w, https:\/\/snudifo37.fr\/wp-content\/uploads\/2019\/05\/logo_Fnec_moyen-288x300.png 288w\" sizes=\"auto, (max-width: 236px) 100vw, 236px\" \/><figcaption>F\u00e9d\u00e9ration Nationale de l&rsquo;Enseignement, de la Culture et de la Formation Professionnelle Force Ouvri\u00e8re<\/figcaption><\/figure><\/div>\n\n\n\n<p>Alors que l\u2019ann\u00e9e commence en pleine gr\u00e8ve historique pour le retrait de la contre-r\u00e9forme des retraites, nous avons entendu les v\u0153ux du Pr\u00e9sident de la R\u00e9publique : au-del\u00e0 des slogans et des formules creuses ressass\u00e9es depuis des mois, il a d\u00e9cid\u00e9 d\u2019ignorer ce qui s\u2019exprime depuis le 5 d\u00e9cembre.<\/p>\n\n\n\n<h2 class=\"wp-block-heading\">Macron et son gouvernement nous m\u00e9prisent<\/h2>\n\n\n\n<p>M\u00e9pris \u00e0 l\u2019\u00e9gard de l\u2019immense majorit\u00e9 des salari\u00e9s qui refuse la destruction des droits collectifs, et ne veut pas l\u00e9guer aux g\u00e9n\u00e9rations futures un syst\u00e8me bas\u00e9 sur la capitalisation, g\u00e9r\u00e9 par les fonds de pensions. M\u00e9pris \u00e0 l\u2019\u00e9gard des organisations syndicales accus\u00e9es de \u00ab mensonges et de manipulations \u00bb, et somm\u00e9es d\u2019accompagner la contre-r\u00e9forme dans le cadre d\u2019un pseudo compromis.<\/p>\n\n\n\n<h2 class=\"wp-block-heading\">Au m\u00eame moment le gouvernement poursuit la casse des statuts et des services publics<\/h2>\n\n\n\n<p>En quelques jours, le gouvernement vient de publier plusieurs d\u00e9crets de r\u00e9gression sociale, malgr\u00e9 l\u2019opposition de la majorit\u00e9 des organisations syndicales, dont FO :<\/p>\n\n\n\n<ul class=\"wp-block-list\"><li>Trois d\u00e9crets d\u2019application de la loi de transformation de la Fonction publique permettant d\u2019une part l&rsquo;ouverture de la Fonction publique \u00e0 des non fonctionnaires et d\u2019autre part l&rsquo;exp\u00e9rimentation de ruptures conventionnelles, comme c&rsquo;est d\u00e9j\u00e0 le cas dans le priv\u00e9 ; un d\u00e9cret sur le transfert d\u00e9finitif de parties des services des Dronisep aux r\u00e9gions ; un d\u00e9cret d\u2019application de la loi anti-la\u00efque pour \u00ab\u00a0une \u00e9cole de la confiance\u00a0\u00bb sur le financement des \u00e9coles maternelles priv\u00e9es par les communes ; deux d\u00e9crets donnant encore plus de pouvoirs aux recteurs de r\u00e9gion acad\u00e9mique.<\/li><li>Publication de la loi de financement de la s\u00e9curit\u00e9 sociale, avec notamment un nouveau plan d\u2019\u00e9conomies de plusieurs milliards dans la sant\u00e9 et la poursuite de la sous-indexation des pensions de retraite et de la plupart des prestations familiales (+ 0,3 % \u00e0 comparer \u00e0 une inflation de 1,2 %) c\u2019est \u00e0 dire une baisse du pouvoir d\u2019achat !<\/li><\/ul>\n\n\n\n<h2 class=\"wp-block-heading\"> Il faut les arr\u00eater ! Nous pouvons les arr\u00eater !<\/h2>\n\n\n\n<p>Le gouvernement esp\u00e9rait une tr\u00eave, pour casser la mobilisation qui dresse des millions de salari\u00e9s contre son projet. Il a perdu son pari. La gr\u00e8ve pour le retrait de la r\u00e9forme des retraites se poursuit \u00e0 la SNCF, \u00e0 la RATP, dans des raffineries\u2026 Pendant les cong\u00e9s, de nombreux personnels de l\u2019Education nationale ont particip\u00e9 aux actions de soutien \u00e0 la gr\u00e8ve, aux rassemblements, aux blocages, aux collectes pour les caisses de gr\u00e8ve&#8230;<\/p>\n\n\n\n<p class=\"has-normal-font-size\"><strong>La FNEC FP-FO appelle les personnels \u00e0 se r\u00e9unir en AG d\u00e8s le jour de la rentr\u00e9e, pour d\u00e9cider la poursuite de la gr\u00e8ve.<\/strong><\/p>\n\n\n\n<p class=\"has-text-color has-text-align-center has-medium-font-size has-vivid-red-color\"><strong>Le gouvernement ne nous laisse pas d\u2019autre choix que la gr\u00e8ve unie jusqu\u2019au retrait du projet gouvernemental.<\/strong><\/p>\n\n\n\n<p class=\"has-text-align-right\"><em>\u00e0 Montreuil, le 2 janvier 2020<\/em><\/p>\n<a class=\"synved-social-button synved-social-button-share synved-social-size-32 synved-social-resolution-single synved-social-provider-facebook nolightbox\" data-provider=\"facebook\" target=\"_blank\" rel=\"nofollow\" title=\"Faites le savoir \u00e0 vos amis via Facebook \" href=\"https:\/\/www.facebook.com\/sharer.php?u=https%3A%2F%2Fsnudifo37.fr%2Findex.php%2Fwp-json%2Fwp%2Fv2%2Fposts%2F1465&#038;t=Face%20au%20m%C3%A9pris%20du%20gouvernement%2C%20la%20FNEC%20FP-FO%20appelle%20%C3%A0%20poursuivre%20la%20gr%C3%A8ve%20%21&#038;s=100&#038;p&#091;url&#093;=https%3A%2F%2Fsnudifo37.fr%2Findex.php%2Fwp-json%2Fwp%2Fv2%2Fposts%2F1465&#038;p&#091;images&#093;&#091;0&#093;=http%3A%2F%2Fsnudifo37.fr%2Fwp-content%2Fuploads%2F2019%2F05%2Flogo_Fnec_moyen.png&#038;p&#091;title&#093;=Face%20au%20m%C3%A9pris%20du%20gouvernement%2C%20la%20FNEC%20FP-FO%20appelle%20%C3%A0%20poursuivre%20la%20gr%C3%A8ve%20%21\" style=\"font-size: 0px;width:32px;height:32px;margin:0;margin-bottom:20px;margin-right:20px\"><img loading=\"lazy\" decoding=\"async\" alt=\"Facebook\" title=\"Faites le savoir \u00e0 vos amis via Facebook \" class=\"synved-share-image synved-social-image synved-social-image-share\" width=\"32\" height=\"32\" style=\"display: inline;width:32px;height:32px;margin: 0;padding: 0;border: none;box-shadow: none\" src=\"https:\/\/snudifo37.fr\/wp-content\/plugins\/social-media-feather\/synved-social\/image\/social\/regular\/64x64\/facebook.png\" \/><\/a><a class=\"synved-social-button synved-social-button-share synved-social-size-32 synved-social-resolution-single synved-social-provider-twitter nolightbox\" data-provider=\"twitter\" target=\"_blank\" rel=\"nofollow\" title=\"Informez-en vos amis via Twitter\" href=\"https:\/\/twitter.com\/intent\/tweet?url=https%3A%2F%2Fsnudifo37.fr%2Findex.php%2Fwp-json%2Fwp%2Fv2%2Fposts%2F1465&#038;text=Le%20Snudi-Fo%20vous%20informe%3A\" style=\"font-size: 0px;width:32px;height:32px;margin:0;margin-bottom:20px;margin-right:20px\"><img loading=\"lazy\" decoding=\"async\" alt=\"twitter\" title=\"Informez-en vos amis via Twitter\" class=\"synved-share-image synved-social-image synved-social-image-share\" width=\"32\" height=\"32\" style=\"display: inline;width:32px;height:32px;margin: 0;padding: 0;border: none;box-shadow: none\" src=\"https:\/\/snudifo37.fr\/wp-content\/plugins\/social-media-feather\/synved-social\/image\/social\/regular\/64x64\/twitter.png\" \/><\/a><a class=\"synved-social-button synved-social-button-share synved-social-size-32 synved-social-resolution-single synved-social-provider-mail nolightbox\" data-provider=\"mail\" rel=\"nofollow\" title=\"Les derni\u00e8res informations du Snudi-Fo 37\" href=\"mailto:?subject=Face%20au%20m%C3%A9pris%20du%20gouvernement%2C%20la%20FNEC%20FP-FO%20appelle%20%C3%A0%20poursuivre%20la%20gr%C3%A8ve%20%21&#038;body=Le%20Snudi-Fo%20vous%20informe%3A:%20https%3A%2F%2Fsnudifo37.fr%2Findex.php%2Fwp-json%2Fwp%2Fv2%2Fposts%2F1465\" style=\"font-size: 0px;width:32px;height:32px;margin:0;margin-bottom:20px\"><img loading=\"lazy\" decoding=\"async\" alt=\"mail\" title=\"Les derni\u00e8res informations du Snudi-Fo 37\" class=\"synved-share-image synved-social-image synved-social-image-share\" width=\"32\" height=\"32\" style=\"display: inline;width:32px;height:32px;margin: 0;padding: 0;border: none;box-shadow: none\" src=\"https:\/\/snudifo37.fr\/wp-content\/plugins\/social-media-feather\/synved-social\/image\/social\/regular\/64x64\/mail.png\" \/><\/a>","protected":false},"excerpt":{"rendered":"<p>Alors que l\u2019ann\u00e9e commence en pleine gr\u00e8ve historique pour le retrait de la contre-r\u00e9forme des retraites, nous avons entendu les v\u0153ux du Pr\u00e9sident de la R\u00e9publique : au-del\u00e0 des slogans et des formules creuses ressass\u00e9es depuis des mois, il a d\u00e9cid\u00e9 d\u2019ignorer ce qui s\u2019exprime depuis le 5 d\u00e9cembre.<\/p>\n","protected":false},"author":1,"featured_media":0,"comment_status":"closed","ping_status":"closed","sticky":false,"template":"","format":"standard","meta":{"footnotes":""},"categories":[7],"tags":[150,184,65,375,70,31,374,225,269,89,183,169,289,312,149,179,376,178],"class_list":["post-1465","post","type-post","status-publish","format-standard","hentry","category-syndicat","tag-150","tag-ag","tag-assemblee-generale","tag-casse","tag-ecole-de-la-confiance","tag-fnec-fp-fo","tag-gouvernement","tag-greve","tag-greve-reconductible","tag-loi-blanquer","tag-loi-transformation-fonction-publique","tag-macron","tag-reconduction","tag-reconduite","tag-retraites","tag-reforme-des-retraites","tag-services-publics","tag-statut"],"_links":{"self":[{"href":"https:\/\/snudifo37.fr\/index.php\/wp-json\/wp\/v2\/posts\/1465","targetHints":{"allow":["GET"]}}],"collection":[{"href":"https:\/\/snudifo37.fr\/index.php\/wp-json\/wp\/v2\/posts"}],"about":[{"href":"https:\/\/snudifo37.fr\/index.php\/wp-json\/wp\/v2\/types\/post"}],"author":[{"embeddable":true,"href":"https:\/\/snudifo37.fr\/index.php\/wp-json\/wp\/v2\/users\/1"}],"replies":[{"embeddable":true,"href":"https:\/\/snudifo37.fr\/index.php\/wp-json\/wp\/v2\/comments?post=1465"}],"version-history":[{"count":1,"href":"https:\/\/snudifo37.fr\/index.php\/wp-json\/wp\/v2\/posts\/1465\/revisions"}],"predecessor-version":[{"id":1466,"href":"https:\/\/snudifo37.fr\/index.php\/wp-json\/wp\/v2\/posts\/1465\/revisions\/1466"}],"wp:attachment":[{"href":"https:\/\/snudifo37.fr\/index.php\/wp-json\/wp\/v2\/media?parent=1465"}],"wp:term":[{"taxonomy":"category","embeddable":true,"href":"https:\/\/snudifo37.fr\/index.php\/wp-json\/wp\/v2\/categories?post=1465"},{"taxonomy":"post_tag","embeddable":true,"href":"https:\/\/snudifo37.fr\/index.php\/wp-json\/wp\/v2\/tags?post=1465"}],"curies":[{"name":"wp","href":"https:\/\/api.w.org\/{rel}","templated":true}]}}