{"id":1446,"date":"2019-12-24T13:33:02","date_gmt":"2019-12-24T12:33:02","guid":{"rendered":"http:\/\/snudifo37.fr\/?p=1446"},"modified":"2019-12-24T13:33:56","modified_gmt":"2019-12-24T12:33:56","slug":"pas-de-treve","status":"publish","type":"post","link":"https:\/\/snudifo37.fr\/index.php\/2019\/12\/24\/pas-de-treve\/","title":{"rendered":"Pas de tr\u00eave !"},"content":{"rendered":"\n<div class=\"wp-block-image\"><figure class=\"aligncenter size-large is-resized\"><img loading=\"lazy\" decoding=\"async\" src=\"http:\/\/snudifo37.fr\/wp-content\/uploads\/2019\/05\/logo_Fnec_moyen.png\" alt=\"F\u00e9d\u00e9ration Nationale de l'Enseignement, de la Culture et de la Formation Professionnelle Force Ouvri\u00e8re\" class=\"wp-image-390\" width=\"236\" height=\"246\" srcset=\"https:\/\/snudifo37.fr\/wp-content\/uploads\/2019\/05\/logo_Fnec_moyen.png 472w, https:\/\/snudifo37.fr\/wp-content\/uploads\/2019\/05\/logo_Fnec_moyen-288x300.png 288w\" sizes=\"auto, (max-width: 236px) 100vw, 236px\" \/><figcaption>F\u00e9d\u00e9ration Nationale de l&rsquo;Enseignement, de la Culture et de la Formation Professionnelle Force Ouvri\u00e8re<\/figcaption><\/figure><\/div>\n\n\n\n<p>Le gouvernement appelle \u00e0 une tr\u00eave pour les f\u00eates de fin d\u2019ann\u00e9e, mais ne marque aucune pause dans l\u2019avancement de son projet. Le Premier ministre a re\u00e7u les organisations syndicales les 18 et 19 d\u00e9cembre. Il annonce une nouvelle r\u00e9union avec les syndicats dans 15 jours\u2026 Mais il n\u2019entend pas les revendications, il ne retire rien, il maintient tout. <strong>Tous ont compris qu\u2019avec ce projet gouvernemental, tous les salari\u00e9s et toutes les classes d\u2019\u00e2ge seraient perdants.<\/strong><\/p>\n\n\n\n<h3 class=\"wp-block-heading\">Dans ces conditions, la tr\u00eave n\u2019est pas \u00e0 l\u2019ordre du jour.<\/h3>\n\n\n\n<p>C\u2019est ce qu\u2019ont d\u00e9cid\u00e9 les salari\u00e9s de la raffinerie de Grandpuits (77) lundi 23 d\u00e9cembre, en reconduisant la gr\u00e8ve jusqu\u2019au 30 d\u00e9cembre. Comme \u00e0 Lav\u00e9ra (13), plus aucun produit ne sort ni ne rentre. Les remorqueurs de Fos-sur-Mer ne branchent plus les bateaux sur le port p\u00e9trolier. Au Havre c&rsquo;est la m\u00eame chose, les portuaires sont en gr\u00e8ve. C\u00f4t\u00e9 RATP, l\u2019ensemble des m\u00e9tros est ferm\u00e9. C\u2019est la m\u00eame chose \u00e0 la SNCF o\u00f9 seuls deux TGV sur cinq, quatre TER sur dix, un Intercit\u00e9s sur quatre circulent. Le centre de tri de la poste \u00e0 Saint-Etienne du Rouvray est en gr\u00e8ve\u2026<\/p>\n\n\n\n<p><strong>De nombreux personnels de l\u2019Education nationale s\u2019organisent pendant les cong\u00e9s pour s\u2019engager aupr\u00e8s des secteurs en gr\u00e8ve pour le retrait de la r\u00e9forme Macron-Delevoye.<\/strong> \u00ab <em>Nous sommes avec vous ! Unis, nous gagnerons<\/em> \u00bb, voil\u00e0 ce qui ressort des dispositions prises dans les syndicats, pour un soutien actif \u00e0 la gr\u00e8ve : participation aux piquets de gr\u00e8ve, tractages, rassemblements et blocages, r\u00e9unions publiques\u2026<\/p>\n\n\n\n<p class=\"has-text-color has-vivid-red-color\"><strong>La FNEC FP-FO appelle ses syndicats \u00e0 apporter leur total soutien \u00e0 tous les secteurs en gr\u00e8ve, \u00e0 r\u00e9pondre aux initiatives interprofessionnelles pour le retrait de la r\u00e9forme Macron- Delevoye, notamment le 28 d\u00e9cembre, dans les d\u00e9partements*, \u00e0 l\u2019appel des organisations syndicales.<\/strong><\/p>\n\n\n\n<p><em>A Paris, la manifestation \u00e0 l\u2019appel des Unions r\u00e9gionales FO, CGT, Solidaires, FSU et l\u2019UNEF devrait partir de la Gare du Nord \u00e0 13h00 pour arriver place du Chatelet.<\/em><\/p>\n\n\n\n<p class=\"has-text-align-right\"><em>\u00e0 Montreuil, le 24 d\u00e9cembre 2019<\/em><\/p>\n<a class=\"synved-social-button synved-social-button-share synved-social-size-32 synved-social-resolution-single synved-social-provider-facebook nolightbox\" data-provider=\"facebook\" target=\"_blank\" rel=\"nofollow\" title=\"Faites le savoir \u00e0 vos amis via Facebook \" href=\"https:\/\/www.facebook.com\/sharer.php?u=https%3A%2F%2Fsnudifo37.fr%2Findex.php%2Fwp-json%2Fwp%2Fv2%2Fposts%2F1446&#038;t=Pas%20de%20tr%C3%AAve%20%21&#038;s=100&#038;p&#091;url&#093;=https%3A%2F%2Fsnudifo37.fr%2Findex.php%2Fwp-json%2Fwp%2Fv2%2Fposts%2F1446&#038;p&#091;images&#093;&#091;0&#093;=http%3A%2F%2Fsnudifo37.fr%2Fwp-content%2Fuploads%2F2019%2F05%2Flogo_Fnec_moyen.png&#038;p&#091;title&#093;=Pas%20de%20tr%C3%AAve%20%21\" style=\"font-size: 0px;width:32px;height:32px;margin:0;margin-bottom:20px;margin-right:20px\"><img loading=\"lazy\" decoding=\"async\" alt=\"Facebook\" title=\"Faites le savoir \u00e0 vos amis via Facebook \" class=\"synved-share-image synved-social-image synved-social-image-share\" width=\"32\" height=\"32\" style=\"display: inline;width:32px;height:32px;margin: 0;padding: 0;border: none;box-shadow: none\" src=\"https:\/\/snudifo37.fr\/wp-content\/plugins\/social-media-feather\/synved-social\/image\/social\/regular\/64x64\/facebook.png\" \/><\/a><a class=\"synved-social-button synved-social-button-share synved-social-size-32 synved-social-resolution-single synved-social-provider-twitter nolightbox\" data-provider=\"twitter\" target=\"_blank\" rel=\"nofollow\" title=\"Informez-en vos amis via Twitter\" href=\"https:\/\/twitter.com\/intent\/tweet?url=https%3A%2F%2Fsnudifo37.fr%2Findex.php%2Fwp-json%2Fwp%2Fv2%2Fposts%2F1446&#038;text=Le%20Snudi-Fo%20vous%20informe%3A\" style=\"font-size: 0px;width:32px;height:32px;margin:0;margin-bottom:20px;margin-right:20px\"><img loading=\"lazy\" decoding=\"async\" alt=\"twitter\" title=\"Informez-en vos amis via Twitter\" class=\"synved-share-image synved-social-image synved-social-image-share\" width=\"32\" height=\"32\" style=\"display: inline;width:32px;height:32px;margin: 0;padding: 0;border: none;box-shadow: none\" src=\"https:\/\/snudifo37.fr\/wp-content\/plugins\/social-media-feather\/synved-social\/image\/social\/regular\/64x64\/twitter.png\" \/><\/a><a class=\"synved-social-button synved-social-button-share synved-social-size-32 synved-social-resolution-single synved-social-provider-mail nolightbox\" data-provider=\"mail\" rel=\"nofollow\" title=\"Les derni\u00e8res informations du Snudi-Fo 37\" href=\"mailto:?subject=Pas%20de%20tr%C3%AAve%20%21&#038;body=Le%20Snudi-Fo%20vous%20informe%3A:%20https%3A%2F%2Fsnudifo37.fr%2Findex.php%2Fwp-json%2Fwp%2Fv2%2Fposts%2F1446\" style=\"font-size: 0px;width:32px;height:32px;margin:0;margin-bottom:20px\"><img loading=\"lazy\" decoding=\"async\" alt=\"mail\" title=\"Les derni\u00e8res informations du Snudi-Fo 37\" class=\"synved-share-image synved-social-image synved-social-image-share\" width=\"32\" height=\"32\" style=\"display: inline;width:32px;height:32px;margin: 0;padding: 0;border: none;box-shadow: none\" src=\"https:\/\/snudifo37.fr\/wp-content\/plugins\/social-media-feather\/synved-social\/image\/social\/regular\/64x64\/mail.png\" \/><\/a>","protected":false},"excerpt":{"rendered":"<p>La FNEC FP-FO appelle \u00e0 participer aux manifestations du 28 d\u00e9cembre !<\/p>\n","protected":false},"author":1,"featured_media":0,"comment_status":"closed","ping_status":"closed","sticky":false,"template":"","format":"standard","meta":{"footnotes":""},"categories":[7],"tags":[22,365,117,31,32,225,304,269,282,367,311,289,366],"class_list":["post-1446","post","type-post","status-publish","format-standard","hentry","category-syndicat","tag-22","tag-28-decembre","tag-education-nationale","tag-fnec-fp-fo","tag-fonction-publique","tag-greve","tag-greve-illimitee","tag-greve-reconductible","tag-manifestation","tag-pas-de-treve","tag-reconductible","tag-reconduction","tag-treve"],"_links":{"self":[{"href":"https:\/\/snudifo37.fr\/index.php\/wp-json\/wp\/v2\/posts\/1446","targetHints":{"allow":["GET"]}}],"collection":[{"href":"https:\/\/snudifo37.fr\/index.php\/wp-json\/wp\/v2\/posts"}],"about":[{"href":"https:\/\/snudifo37.fr\/index.php\/wp-json\/wp\/v2\/types\/post"}],"author":[{"embeddable":true,"href":"https:\/\/snudifo37.fr\/index.php\/wp-json\/wp\/v2\/users\/1"}],"replies":[{"embeddable":true,"href":"https:\/\/snudifo37.fr\/index.php\/wp-json\/wp\/v2\/comments?post=1446"}],"version-history":[{"count":2,"href":"https:\/\/snudifo37.fr\/index.php\/wp-json\/wp\/v2\/posts\/1446\/revisions"}],"predecessor-version":[{"id":1448,"href":"https:\/\/snudifo37.fr\/index.php\/wp-json\/wp\/v2\/posts\/1446\/revisions\/1448"}],"wp:attachment":[{"href":"https:\/\/snudifo37.fr\/index.php\/wp-json\/wp\/v2\/media?parent=1446"}],"wp:term":[{"taxonomy":"category","embeddable":true,"href":"https:\/\/snudifo37.fr\/index.php\/wp-json\/wp\/v2\/categories?post=1446"},{"taxonomy":"post_tag","embeddable":true,"href":"https:\/\/snudifo37.fr\/index.php\/wp-json\/wp\/v2\/tags?post=1446"}],"curies":[{"name":"wp","href":"https:\/\/api.w.org\/{rel}","templated":true}]}}