{"id":1340,"date":"2019-12-11T14:32:00","date_gmt":"2019-12-11T13:32:00","guid":{"rendered":"http:\/\/snudifo37.fr\/?p=1340"},"modified":"2019-12-11T14:34:40","modified_gmt":"2019-12-11T13:34:40","slug":"communique-cgt-fsu-solidaires-fo-toujours-plus-mobilise-es-pour-gagner","status":"publish","type":"post","link":"https:\/\/snudifo37.fr\/index.php\/2019\/12\/11\/communique-cgt-fsu-solidaires-fo-toujours-plus-mobilise-es-pour-gagner\/","title":{"rendered":"Communiqu\u00e9 CGT, FSU, Solidaires, FO : Toujours plus mobilis\u00e9-es pour gagner !"},"content":{"rendered":"\n<div class=\"wp-block-image\"><figure class=\"aligncenter size-large\"><img decoding=\"async\" src=\"http:\/\/snudifo37.fr\/wp-content\/uploads\/2019\/12\/Intersyndicale-37.jpg\" alt=\"\" class=\"wp-image-1342\"\/><\/figure><\/div>\n\n\n\n<p>Les organisations CGT, FO, FSU, Solidaires d\u2019Indre-et-Loire\nconstatent que le mouvement contre le projet de r\u00e9forme des retraites s\u2019est\ninscrit depuis le 5 d\u00e9cembre dans la dur\u00e9e, avec notamment des reconductions\nimportantes de gr\u00e8ve et avec l\u2019entr\u00e9e de nouveaux secteurs professionnels dans\nles actions de gr\u00e8ve, de d\u00e9brayages et de mobilisation.<\/p>\n\n\n\n<p><strong>La journ\u00e9e du 10 d\u00e9cembre a \u00e9t\u00e9 un nouveau temps fort de cette mobilisation avec de nouveaux salari\u00e9-es du priv\u00e9 et davantage de jeunes.<\/strong><\/p>\n\n\n\n<p>L\u2019opinion publique ne se laisse ni abuser par les op\u00e9rations m\u00e9diatiques du Gouvernement, ni par les tentatives d\u2019opposer les uns aux autres. <strong>Les organisations syndicales d\u00e9noncent toutes entraves au droit de gr\u00e8ve et de manifestation<\/strong>, plus particuli\u00e8rement envers les jeunes.<\/p>\n\n\n\n<p>La synth\u00e8se des concertations rendue publique lundi n\u2019a pas apport\u00e9 d\u2019\u00e9l\u00e9ments nouveaux depuis le mois de juillet. Les organisations syndicales pointent la responsabilit\u00e9 du gouvernement sur la situation sociale. C\u2019est pourquoi, elles attendaient que lors de sa prise de parole, le premier Ministre tienne compte du rejet massif exprim\u00e9 par les mobilisations du projet de r\u00e9gime universel \u00e0 point et retire ce dernier. <strong>Elles confirment leur appel \u00e0 l\u2019ouverture de r\u00e9elles n\u00e9gociations sans pr\u00e9alable sur la base des propositions des organisations syndicales pour le renforcement et l\u2019am\u00e9lioration du syst\u00e8me actuel par r\u00e9partition, solidaire et interg\u00e9n\u00e9rationnel.<\/strong><\/p>\n\n\n\n<p><strong>Les organisations CGT, FO, FSU, Solidaires d\u2019Indre-et-Loire appellent l\u2019ensemble du monde du travail et la jeunesse \u00e0 poursuivre et \u00e0 renforcer la gr\u00e8ve, y compris reconductible l\u00e0 o\u00f9 les salari\u00e9-es le d\u00e9cident.<\/strong> <\/p>\n\n\n\n<p>Dans ce cadre, elles appellent \u00e0 organiser des actions de gr\u00e8ve et de manifestations jeudi 12 d\u00e9cembre, puis samedi, et de faire de mardi 17 d\u00e9cembre une nouvelle journ\u00e9e de mobilisation interprofessionnelle massive de gr\u00e8ves et de manifestations.<\/p>\n\n\n\n<p class=\"has-text-color has-text-align-center has-medium-font-size has-vivid-red-color\"><strong>Gr\u00e8ve, rassemblement et manifestation jeudi 12\nd\u00e9cembre 2019<br>\n\u00e0 10h00, au point z\u00e9ro, sous le pont de l\u2019autoroute.<\/strong><\/p>\n\n\n\n<p class=\"has-text-align-center has-medium-font-size\"><strong>D\u00e9part du cort\u00e8ge 10h30, jusqu\u2019\u00e0 la place Jean Jaur\u00e8s<\/strong><\/p>\n\n\n\n<p class=\"has-text-color has-text-align-center has-medium-font-size has-vivid-red-color\"><strong>Samedi 14 d\u00e9cembre, rendez-vous 14h00, place Jean Jaur\u00e8s \u00e0 Tours.<\/strong><\/p>\n\n\n\n<p><\/p>\n\n\n\n<div class=\"wp-block-file\"><a href=\"http:\/\/snudifo37.fr\/wp-content\/uploads\/2019\/12\/Appel-intersyndical-12-12-2019.pdf\">Appel-intersyndical-12-12-2019<\/a><a href=\"http:\/\/snudifo37.fr\/wp-content\/uploads\/2019\/12\/Appel-intersyndical-12-12-2019.pdf\" class=\"wp-block-file__button\" download>T\u00e9l\u00e9charger<\/a><\/div>\n<a class=\"synved-social-button synved-social-button-share synved-social-size-32 synved-social-resolution-single synved-social-provider-facebook nolightbox\" data-provider=\"facebook\" target=\"_blank\" rel=\"nofollow\" title=\"Faites le savoir \u00e0 vos amis via Facebook \" href=\"https:\/\/www.facebook.com\/sharer.php?u=https%3A%2F%2Fsnudifo37.fr%2Findex.php%2Fwp-json%2Fwp%2Fv2%2Fposts%2F1340&#038;t=Communiqu%C3%A9%20CGT%2C%20FSU%2C%20Solidaires%2C%20FO%20%3A%20Toujours%20plus%20mobilis%C3%A9-es%20pour%20gagner%20%21&#038;s=100&#038;p&#091;url&#093;=https%3A%2F%2Fsnudifo37.fr%2Findex.php%2Fwp-json%2Fwp%2Fv2%2Fposts%2F1340&#038;p&#091;images&#093;&#091;0&#093;=http%3A%2F%2Fsnudifo37.fr%2Fwp-content%2Fuploads%2F2019%2F12%2FIntersyndicale-37.jpg&#038;p&#091;title&#093;=Communiqu%C3%A9%20CGT%2C%20FSU%2C%20Solidaires%2C%20FO%20%3A%20Toujours%20plus%20mobilis%C3%A9-es%20pour%20gagner%20%21\" style=\"font-size: 0px;width:32px;height:32px;margin:0;margin-bottom:20px;margin-right:20px\"><img loading=\"lazy\" decoding=\"async\" alt=\"Facebook\" title=\"Faites le savoir \u00e0 vos amis via Facebook \" class=\"synved-share-image synved-social-image synved-social-image-share\" width=\"32\" height=\"32\" style=\"display: inline;width:32px;height:32px;margin: 0;padding: 0;border: none;box-shadow: none\" src=\"https:\/\/snudifo37.fr\/wp-content\/plugins\/social-media-feather\/synved-social\/image\/social\/regular\/64x64\/facebook.png\" \/><\/a><a class=\"synved-social-button synved-social-button-share synved-social-size-32 synved-social-resolution-single synved-social-provider-twitter nolightbox\" data-provider=\"twitter\" target=\"_blank\" rel=\"nofollow\" title=\"Informez-en vos amis via Twitter\" href=\"https:\/\/twitter.com\/intent\/tweet?url=https%3A%2F%2Fsnudifo37.fr%2Findex.php%2Fwp-json%2Fwp%2Fv2%2Fposts%2F1340&#038;text=Le%20Snudi-Fo%20vous%20informe%3A\" style=\"font-size: 0px;width:32px;height:32px;margin:0;margin-bottom:20px;margin-right:20px\"><img loading=\"lazy\" decoding=\"async\" alt=\"twitter\" title=\"Informez-en vos amis via Twitter\" class=\"synved-share-image synved-social-image synved-social-image-share\" width=\"32\" height=\"32\" style=\"display: inline;width:32px;height:32px;margin: 0;padding: 0;border: none;box-shadow: none\" src=\"https:\/\/snudifo37.fr\/wp-content\/plugins\/social-media-feather\/synved-social\/image\/social\/regular\/64x64\/twitter.png\" \/><\/a><a class=\"synved-social-button synved-social-button-share synved-social-size-32 synved-social-resolution-single synved-social-provider-mail nolightbox\" data-provider=\"mail\" rel=\"nofollow\" title=\"Les derni\u00e8res informations du Snudi-Fo 37\" href=\"mailto:?subject=Communiqu%C3%A9%20CGT%2C%20FSU%2C%20Solidaires%2C%20FO%20%3A%20Toujours%20plus%20mobilis%C3%A9-es%20pour%20gagner%20%21&#038;body=Le%20Snudi-Fo%20vous%20informe%3A:%20https%3A%2F%2Fsnudifo37.fr%2Findex.php%2Fwp-json%2Fwp%2Fv2%2Fposts%2F1340\" style=\"font-size: 0px;width:32px;height:32px;margin:0;margin-bottom:20px\"><img loading=\"lazy\" decoding=\"async\" alt=\"mail\" title=\"Les derni\u00e8res informations du Snudi-Fo 37\" class=\"synved-share-image synved-social-image synved-social-image-share\" width=\"32\" height=\"32\" style=\"display: inline;width:32px;height:32px;margin: 0;padding: 0;border: none;box-shadow: none\" src=\"https:\/\/snudifo37.fr\/wp-content\/plugins\/social-media-feather\/synved-social\/image\/social\/regular\/64x64\/mail.png\" \/><\/a>","protected":false},"excerpt":{"rendered":"<p>Les organisations CGT, FO, FSU, Solidaires d\u2019Indre-et-Loire constatent que le mouvement contre le projet de r\u00e9forme des retraites s\u2019est inscrit depuis le 5 d\u00e9cembre dans la dur\u00e9e, avec notamment des reconductions importantes de gr\u00e8ve et avec l\u2019entr\u00e9e de nouveaux secteurs professionnels dans les actions de gr\u00e8ve, de d\u00e9brayages et de mobilisation.<\/p>\n","protected":false},"author":1,"featured_media":0,"comment_status":"closed","ping_status":"closed","sticky":false,"template":"","format":"standard","meta":{"footnotes":""},"categories":[7],"tags":[302,321,322,22,226,184,57,74,323,225,269,307,47,324,282,316,289,312,76],"class_list":["post-1340","post","type-post","status-publish","format-standard","hentry","category-syndicat","tag-10-decembre","tag-12-decembre","tag-14-decembre","tag-22","tag-5-decembre","tag-ag","tag-cgt","tag-fo","tag-fsu","tag-greve","tag-greve-reconductible","tag-intersyndical","tag-intersyndicale","tag-jean-jaures","tag-manifestation","tag-point-zero","tag-reconduction","tag-reconduite","tag-solidaires"],"_links":{"self":[{"href":"https:\/\/snudifo37.fr\/index.php\/wp-json\/wp\/v2\/posts\/1340","targetHints":{"allow":["GET"]}}],"collection":[{"href":"https:\/\/snudifo37.fr\/index.php\/wp-json\/wp\/v2\/posts"}],"about":[{"href":"https:\/\/snudifo37.fr\/index.php\/wp-json\/wp\/v2\/types\/post"}],"author":[{"embeddable":true,"href":"https:\/\/snudifo37.fr\/index.php\/wp-json\/wp\/v2\/users\/1"}],"replies":[{"embeddable":true,"href":"https:\/\/snudifo37.fr\/index.php\/wp-json\/wp\/v2\/comments?post=1340"}],"version-history":[{"count":4,"href":"https:\/\/snudifo37.fr\/index.php\/wp-json\/wp\/v2\/posts\/1340\/revisions"}],"predecessor-version":[{"id":1346,"href":"https:\/\/snudifo37.fr\/index.php\/wp-json\/wp\/v2\/posts\/1340\/revisions\/1346"}],"wp:attachment":[{"href":"https:\/\/snudifo37.fr\/index.php\/wp-json\/wp\/v2\/media?parent=1340"}],"wp:term":[{"taxonomy":"category","embeddable":true,"href":"https:\/\/snudifo37.fr\/index.php\/wp-json\/wp\/v2\/categories?post=1340"},{"taxonomy":"post_tag","embeddable":true,"href":"https:\/\/snudifo37.fr\/index.php\/wp-json\/wp\/v2\/tags?post=1340"}],"curies":[{"name":"wp","href":"https:\/\/api.w.org\/{rel}","templated":true}]}}