{"id":1326,"date":"2019-12-10T22:27:03","date_gmt":"2019-12-10T21:27:03","guid":{"rendered":"http:\/\/snudifo37.fr\/?p=1326"},"modified":"2019-12-13T17:03:49","modified_gmt":"2019-12-13T16:03:49","slug":"appel-adopte-a-lunanimite-par-lag-education-du-10-decembre","status":"publish","type":"post","link":"https:\/\/snudifo37.fr\/index.php\/2019\/12\/10\/appel-adopte-a-lunanimite-par-lag-education-du-10-decembre\/","title":{"rendered":"Appel adopt\u00e9 \u00e0 l&rsquo;unanimit\u00e9 par l\u2019AG Education du 10 d\u00e9cembre"},"content":{"rendered":"\n<p>L\u2019assembl\u00e9e g\u00e9n\u00e9rale \u00c9ducation r\u00e9unie le 10 d\u00e9cembre avec les syndicats FNEC FP FO, FSU, CGT \u00e9duc, SUD \u00e9ducation :<\/p>\n\n\n\n<ul class=\"wp-block-list\"><li><strong>se f\u00e9licite que le mouvement de gr\u00e8ve et de mobilisation pour le retrait du projet Macron sur les retraites s&rsquo;ancre dans la dur\u00e9e<\/strong>, avec des gr\u00e8ves reconductibles \u00e0 la SNCF, \u00e0 la RATP, chez les hospitaliers, dans l&rsquo;enseignement, &#8230;<\/li><\/ul>\n\n\n\n<ul class=\"wp-block-list\"><li>constate que face \u00e0 un mouvement soutenu par la majorit\u00e9 des salari\u00e9s du public et du priv\u00e9, le gouvernement vacille, multiplie les d\u00e9clarations contradictoires &#8230;<\/li><\/ul>\n\n\n\n<ul class=\"wp-block-list\"><li>r\u00e9affirme son appel du 5 d\u00e9cembre : \u00a0\u00bb <strong><em>Avec les cheminots, avec les agents de la RATP, avec les hospitaliers, [\u2026] nous consid\u00e9rons que<\/em> <em>[\u2026]<\/em> <em>la gr\u00e8ve reconductible est \u00e0 m\u00eame de faire c\u00e9der ce gouvernement<\/em><\/strong><em>, [\u2026]<\/em> <em>elle appelle les personnels de l\u2019\u00e9ducation dans les \u00e9coles, les coll\u00e8ges, les lyc\u00e9es, les services,<\/em> <em>[\u2026] \u00e0 discuter de cet appel et \u00e0 s\u2019engager d\u00e8s maintenant dans la gr\u00e8ve reconductible.<\/em>\u00ab\u00a0<\/li><\/ul>\n\n\n\n<ul class=\"wp-block-list\"><li><strong>invite les personnels gr\u00e9vistes \u00e0 se r\u00e9unir tous les matins en AG <\/strong>d\u2019\u00e9tablissements et d\u2019\u00e9coles, \u00e0 organiser diffusions et r\u00e9unions d&rsquo;information aupr\u00e8s des parents d&rsquo;\u00e9l\u00e8ves;<\/li><\/ul>\n\n\n\n<ul class=\"wp-block-list\"><li>propose aux Unions d\u00e9partementales syndicales d&rsquo;organiser une manifestation le samedi 14 d\u00e9cembre en convergence avec les Gilets jaunes;<\/li><\/ul>\n\n\n\n<ul class=\"wp-block-list\"><li>appelle \u00e0 participer aux diff\u00e9rentes actions organis\u00e9es localement et d\u00e9partementalement dont :<ul><li>rassemblement place Jaur\u00e8s le mercredi 11 d\u00e9cembre \u00e0 17H place Jean Jaur\u00e8s,<\/li><li>manifestation d\u00e9partementale \u00e0 Tours le jeudi 12 d\u00e9cembre (heure et lieu pr\u00e9cis\u00e9s ult\u00e9rieurement)<\/li><li>regroupement le vendredi 13 d\u00e9cembre \u00e0 7h au \u00ab\u00a0point 0\u00a0\u00bb (sous le pont de l&rsquo;autoroute entre SPDC et Tours) avec les cheminots<\/li><\/ul><\/li><\/ul>\n\n\n\n<p><\/p>\n<a class=\"synved-social-button synved-social-button-share synved-social-size-32 synved-social-resolution-single synved-social-provider-facebook nolightbox\" data-provider=\"facebook\" target=\"_blank\" rel=\"nofollow\" title=\"Faites le savoir \u00e0 vos amis via Facebook \" href=\"https:\/\/www.facebook.com\/sharer.php?u=https%3A%2F%2Fsnudifo37.fr%2Findex.php%2Fwp-json%2Fwp%2Fv2%2Fposts%2F1326&#038;t=Appel%20adopt%C3%A9%20%C3%A0%20l%E2%80%99unanimit%C3%A9%20par%20l%E2%80%99AG%20Education%20du%2010%20d%C3%A9cembre&#038;s=100&#038;p&#091;url&#093;=https%3A%2F%2Fsnudifo37.fr%2Findex.php%2Fwp-json%2Fwp%2Fv2%2Fposts%2F1326&#038;p&#091;images&#093;&#091;0&#093;=&#038;p&#091;title&#093;=Appel%20adopt%C3%A9%20%C3%A0%20l%E2%80%99unanimit%C3%A9%20par%20l%E2%80%99AG%20Education%20du%2010%20d%C3%A9cembre\" style=\"font-size: 0px;width:32px;height:32px;margin:0;margin-bottom:20px;margin-right:20px\"><img loading=\"lazy\" decoding=\"async\" alt=\"Facebook\" title=\"Faites le savoir \u00e0 vos amis via Facebook \" class=\"synved-share-image synved-social-image synved-social-image-share\" width=\"32\" height=\"32\" style=\"display: inline;width:32px;height:32px;margin: 0;padding: 0;border: none;box-shadow: none\" src=\"https:\/\/snudifo37.fr\/wp-content\/plugins\/social-media-feather\/synved-social\/image\/social\/regular\/64x64\/facebook.png\" \/><\/a><a class=\"synved-social-button synved-social-button-share synved-social-size-32 synved-social-resolution-single synved-social-provider-twitter nolightbox\" data-provider=\"twitter\" target=\"_blank\" rel=\"nofollow\" title=\"Informez-en vos amis via Twitter\" href=\"https:\/\/twitter.com\/intent\/tweet?url=https%3A%2F%2Fsnudifo37.fr%2Findex.php%2Fwp-json%2Fwp%2Fv2%2Fposts%2F1326&#038;text=Le%20Snudi-Fo%20vous%20informe%3A\" style=\"font-size: 0px;width:32px;height:32px;margin:0;margin-bottom:20px;margin-right:20px\"><img loading=\"lazy\" decoding=\"async\" alt=\"twitter\" title=\"Informez-en vos amis via Twitter\" class=\"synved-share-image synved-social-image synved-social-image-share\" width=\"32\" height=\"32\" style=\"display: inline;width:32px;height:32px;margin: 0;padding: 0;border: none;box-shadow: none\" src=\"https:\/\/snudifo37.fr\/wp-content\/plugins\/social-media-feather\/synved-social\/image\/social\/regular\/64x64\/twitter.png\" \/><\/a><a class=\"synved-social-button synved-social-button-share synved-social-size-32 synved-social-resolution-single synved-social-provider-mail nolightbox\" data-provider=\"mail\" rel=\"nofollow\" title=\"Les derni\u00e8res informations du Snudi-Fo 37\" href=\"mailto:?subject=Appel%20adopt%C3%A9%20%C3%A0%20l%E2%80%99unanimit%C3%A9%20par%20l%E2%80%99AG%20Education%20du%2010%20d%C3%A9cembre&#038;body=Le%20Snudi-Fo%20vous%20informe%3A:%20https%3A%2F%2Fsnudifo37.fr%2Findex.php%2Fwp-json%2Fwp%2Fv2%2Fposts%2F1326\" style=\"font-size: 0px;width:32px;height:32px;margin:0;margin-bottom:20px\"><img loading=\"lazy\" decoding=\"async\" alt=\"mail\" title=\"Les derni\u00e8res informations du Snudi-Fo 37\" class=\"synved-share-image synved-social-image synved-social-image-share\" width=\"32\" height=\"32\" style=\"display: inline;width:32px;height:32px;margin: 0;padding: 0;border: none;box-shadow: none\" src=\"https:\/\/snudifo37.fr\/wp-content\/plugins\/social-media-feather\/synved-social\/image\/social\/regular\/64x64\/mail.png\" \/><\/a>","protected":false},"excerpt":{"rendered":"<p>Deux cents enseignants \u00e9taient pr\u00e9sents au d\u00e9but de la r\u00e9union, une centaine ont vot\u00e9 cet appel.<\/p>\n","protected":false},"author":1,"featured_media":0,"comment_status":"closed","ping_status":"closed","sticky":false,"template":"","format":"standard","meta":{"footnotes":""},"categories":[7],"tags":[22,184,65,225,269,289,312],"class_list":["post-1326","post","type-post","status-publish","format-standard","hentry","category-syndicat","tag-22","tag-ag","tag-assemblee-generale","tag-greve","tag-greve-reconductible","tag-reconduction","tag-reconduite"],"_links":{"self":[{"href":"https:\/\/snudifo37.fr\/index.php\/wp-json\/wp\/v2\/posts\/1326","targetHints":{"allow":["GET"]}}],"collection":[{"href":"https:\/\/snudifo37.fr\/index.php\/wp-json\/wp\/v2\/posts"}],"about":[{"href":"https:\/\/snudifo37.fr\/index.php\/wp-json\/wp\/v2\/types\/post"}],"author":[{"embeddable":true,"href":"https:\/\/snudifo37.fr\/index.php\/wp-json\/wp\/v2\/users\/1"}],"replies":[{"embeddable":true,"href":"https:\/\/snudifo37.fr\/index.php\/wp-json\/wp\/v2\/comments?post=1326"}],"version-history":[{"count":2,"href":"https:\/\/snudifo37.fr\/index.php\/wp-json\/wp\/v2\/posts\/1326\/revisions"}],"predecessor-version":[{"id":1328,"href":"https:\/\/snudifo37.fr\/index.php\/wp-json\/wp\/v2\/posts\/1326\/revisions\/1328"}],"wp:attachment":[{"href":"https:\/\/snudifo37.fr\/index.php\/wp-json\/wp\/v2\/media?parent=1326"}],"wp:term":[{"taxonomy":"category","embeddable":true,"href":"https:\/\/snudifo37.fr\/index.php\/wp-json\/wp\/v2\/categories?post=1326"},{"taxonomy":"post_tag","embeddable":true,"href":"https:\/\/snudifo37.fr\/index.php\/wp-json\/wp\/v2\/tags?post=1326"}],"curies":[{"name":"wp","href":"https:\/\/api.w.org\/{rel}","templated":true}]}}