{"id":1179,"date":"2019-11-20T21:40:09","date_gmt":"2019-11-20T20:40:09","guid":{"rendered":"http:\/\/snudifo37.fr\/?p=1179"},"modified":"2019-11-20T21:40:11","modified_gmt":"2019-11-20T20:40:11","slug":"une-capd-dans-un-contexte-de-venue-du-ministre-blanquer-a-tours","status":"publish","type":"post","link":"https:\/\/snudifo37.fr\/index.php\/2019\/11\/20\/une-capd-dans-un-contexte-de-venue-du-ministre-blanquer-a-tours\/","title":{"rendered":"Une CAPD dans un contexte de venue du Ministre Blanquer \u00e0 Tours"},"content":{"rendered":"\n<p>Alors que le Ministre Blanquer, qui n&rsquo;entend aucune des revendications de la profession, vient en Indre-et-Loire jeudi et vendredi,<br>Alors que les enseignants, avec les salari\u00e9s du public et du priv\u00e9, pr\u00e9parent la gr\u00e8ve \u00e0 partir du 5 d\u00e9cembre pour le retrait du projet de r\u00e9forme des retraites et obtenir satisfaction sur les autres revendications,<\/p>\n\n\n\n<p><strong>le SNUDI FO a annonc\u00e9 hier en CAPD qu&rsquo;il ne participerait pas \u00e0 l&rsquo;op\u00e9ration de communication du Ministre <\/strong>qui consiste \u00e0 ce que son cabinet \u00ab convoque \u00bb vendredi apr\u00e8s-midi en \u00ab audience \u00bb intersyndicale les syndicats repr\u00e9sentatifs du d\u00e9partement.<\/p>\n\n\n\n<p>Nous avons par ailleurs pr\u00e9cis\u00e9 \u00e0 l&rsquo;IA DASEN qui mettait en exergue la chance que nous avions de rencontrer le cabinet du Ministre que <strong>notre syndicat national le rencontrait r\u00e9guli\u00e8rement et qu&rsquo;il connaissait donc nos revendications.<\/strong><\/p>\n\n\n\n<p class=\"has-text-color has-vivid-red-color\"><strong>Nous invitons les autres organisations syndicales \u00e0 faire de m\u00eame et \u00e0 refuser cette op\u00e9ration de communication \u00e0 nos c\u00f4t\u00e9s!<\/strong><\/p>\n\n\n\n<p>La CAPD a trait\u00e9 des d\u00e9parts en stage de formation continue. Nous avons communiqu\u00e9 les r\u00e9sultats aux coll\u00e8gues qui nous avaient confi\u00e9 leur dossier. Pour toute question ou pour conna\u00eetre la r\u00e9ponse \u00e0 votre demande, <a href=\"mailto:fo-snudi@wanadoo.fr\">fo-snudi@wanadoo.fr<\/a> ou au <strong>06 95 48 71 80<\/strong> .<\/p>\n\n\n\n<h3 class=\"wp-block-heading\">Le SNUDI-FO met la d\u00e9fense des conditions de travail au c\u0153ur des discussions de la CAPD !<\/h3>\n\n\n\n<p>Alors que les conditions de travail ne cessent de se d\u00e9grader et que le suicide de Christine Renon a mis \u00e0 la lumi\u00e8re du grand jour la situation catastrophique dans notre profession, <strong>nous avons expliqu\u00e9 que le \u00ab\u00a0management par le stress \u00a0\u00bb concerne tous les enseignants, notamment depuis le nouveau cadre impos\u00e9 par PPCR<\/strong>.<\/p>\n\n\n\n<p>Nous avons t\u00e9moign\u00e9 des nombreux appels \u00e0 l&rsquo;aide de coll\u00e8gues tr\u00e8s meurtris soit par leur \u00e9valuation PPCR, soit par des propos (\u00e9crits ou oraux) de la part d&rsquo;IEN, ou encore par les contraintes toujours plus nombreuses impos\u00e9es par la hi\u00e9rarchie!<\/p>\n\n\n\n<p><strong>Devant l&rsquo;IA DASEN qui semblait minimiser le mal-\u00eatre v\u00e9cu par de nombreux coll\u00e8gues<\/strong>, nous avons rappel\u00e9 que nous sommes des d\u00e9l\u00e9gu\u00e9s du personnel et respectons notre mandat en faisant remonter toutes ces situations inadmissibles!<\/p>\n\n\n\n<p>Ces coll\u00e8gues peuvent compter sur le SNUDI-FO qui sera toujours \u00e0 leur c\u00f4t\u00e9 et qui les d\u00e9fend face \u00e0 l&rsquo;administration! <strong>Nous vous conseillons de ne jamais rester isol\u00e9s et nous contacter \u00e0 <a href=\"mailto:fo-snudi@wanadoo.fr\">fo-snudi@wanadoo.fr<\/a> ou au 06 32 39 05 38 en cas de difficult\u00e9 !<\/strong><\/p>\n\n\n\n<h3 class=\"wp-block-heading\">Note d\u00e9partementale PPCR :<\/h3>\n\n\n\n<p>Nous avons demand\u00e9 que soit pr\u00e9sent\u00e9e la note d\u00e9partementale PPCR (publi\u00e9e sans notre avis) qui explicite ce qui est attendu par l&rsquo;administration et les modalit\u00e9s d&rsquo;\u00e9valuation et d&rsquo;accompagnement.<\/p>\n\n\n\n<p><strong>Nous avons de nouveau d\u00e9nonc\u00e9 les cons\u00e9quences de PPCR qui nous rend stagiaires \u00e0 vie avec des accompagnements et suivis \u00e0 tout moment<\/strong>\u2026 et cette grille de comp\u00e9tence sur laquelle des coll\u00e8gues peuvent facilement \u00eatre positionn\u00e9s en fonction de leur soumission aux injonctions ou non\u2026<br>Nous avons demand\u00e9 le retrait de cette note de service et la fin des accompagnements obligatoires.<\/p>\n\n\n\n<h4 class=\"wp-block-heading\">Nous avons r\u00e9ussi \u00e0 obtenir que :<\/h4>\n\n\n\n<ul class=\"wp-block-list\"><li><strong>les rapports de visite des accompagnements ne soient pas dans les dossiers professionnels des coll\u00e8gues <\/strong>(sauf si ces derniers le souhaitent).<\/li><li><strong>les accompagnements collectifs d&rsquo;\u00e9cole (\u00e9valuation d&rsquo;\u00e9cole) ne soient pas impos\u00e9s si les coll\u00e8gues ne sont pas volontaires<\/strong>. Nous contacter pour toute pression \u00e0 <a href=\"mailto:fo-snudi@wanadoo.fr\">fo-snudi@wanadoo.fr<\/a> ou au 06 32 39 05 38.<\/li><li>Nous avons demand\u00e9 un vote sur cette note d\u00e9partementale. L&rsquo;IA DASEN a refus\u00e9 ! Nous y reviendrons.<\/li><\/ul>\n\n\n\n<div class=\"wp-block-image\"><figure class=\"aligncenter size-large is-resized\"><img loading=\"lazy\" decoding=\"async\" src=\"http:\/\/snudifo37.fr\/wp-content\/uploads\/2019\/11\/grille_jpg__1297387.jpg\" alt=\"\" class=\"wp-image-1180\" width=\"352\" height=\"449\"\/><\/figure><\/div>\n\n\n\n<h3 class=\"wp-block-heading\">Visite de toutes les classes de CP cette ann\u00e9e dans la circonscription de Jou\u00e9 :<\/h3>\n\n\n\n<p>Nous avons attir\u00e9 l&rsquo;attention sur l&rsquo;\u00e9moi que suscite la derni\u00e8re lettre de l&rsquo;IEN de Jou\u00e9-l\u00e8s-Tours chez nos coll\u00e8gues. <strong>Cette lettre annonce en effet la visite de toutes les classes de CP de la circonscription cette ann\u00e9e.<\/strong><br>Alors que nous d\u00e9non\u00e7ons \u00e0 tous les niveaux la d\u00e9gradation continue des conditions de travail due aux contre-r\u00e9formes minist\u00e9rielles, nous consid\u00e9rons que <strong>cette d\u00e9cision s&rsquo;inscrit dans ce contexte de \u00ab management par le stress \u00bb<\/strong>. Par ailleurs, <strong>il s\u2019agit d\u2019une circonscription pour laquelle nous avons d\u00e9j\u00e0 alert\u00e9 \u00e0 ce sujet qui a conduit le CHSCT d\u00e9partemental \u00e0 se positionner au printemps dernier<\/strong>.<\/p>\n\n\n\n<p>L&rsquo;IA DASEN nous a r\u00e9pondu qu&rsquo;il ne s&rsquo;agissait ni de consignes minist\u00e9rielles, ni d\u00e9partementales.<\/p>\n\n\n\n<p><strong>Donc cette circulaire n\u2019a aucune l\u00e9gitimit\u00e9<\/strong> <strong>; nous avons donc insist\u00e9 pour que qu\u2019elle soit retir\u00e9e. <\/strong><\/p>\n\n\n\n<p>L&rsquo;IA DASEN nous a r\u00e9pondu qu&rsquo;il allait \u00e9tudier cela\u2026<\/p>\n\n\n\n<h3 class=\"wp-block-heading\">Parcours de 9h d&rsquo;animations p\u00e9dagogiques et \u00ab\u00a0temps 2\u00a0\u00bb:<\/h3>\n\n\n\n<p><strong>Nous avons de rappel\u00e9 notre opposition aux parcours de 9h d&rsquo;animations p\u00e9dagogiques impos\u00e9es<\/strong> et insist\u00e9 sur le rejet de cette mesure par les coll\u00e8gues d&rsquo;autant plus que dans certaines circonscriptions dont celle de St Cyr sur Loire, l&rsquo;IEN impose une date commune \u00e0 toutes les \u00e9coles d&rsquo;un coll\u00e8ge de secteur pour le temps 2 contrairement aux engagements de l&rsquo;IA-DASEN de l&rsquo;organisation libre de cette deuxi\u00e8me partie.<br>Nous avons exig\u00e9 de respect de cet engagement!<\/p>\n\n\n\n<p>L&rsquo;IEN de St Cyr sur Loire a expliqu\u00e9 qu&rsquo;il s&rsquo;agissait d&rsquo;une demande de coll\u00e8gues isol\u00e9s dans leur \u00e9cole. Nous ne sommes bien s\u00fbr pas oppos\u00e9s \u00e0 ce que des coll\u00e8gues travaillent ensemble mais <strong>nous refusons que le calendrier de ce temps 2 soit impos\u00e9 notamment via l&rsquo;obligation de la m\u00eame date pour toutes les \u00e9coles d&rsquo;un secteur de coll\u00e8ge.<\/strong><\/p>\n\n\n\n<p><strong>L&rsquo;IA-DASEN, et du coup l&rsquo;IEN de St Cyr, ont reconnu la possibilit\u00e9 pour les \u00e9coles de choisir une autre organisation.<\/strong><br>Pour toute question, nous saisir \u00e0 <a href=\"mailto:fo-snudi@wanadoo.fr\">fo-snudi@wanadoo.fr<\/a> ou au 06 32 39 05 38.<\/p>\n\n\n\n<p>Nous avons demand\u00e9 \u00e0 ce que notre v\u0153u suivant soit soumis au vote mais l&rsquo;IA-DASEN a refus\u00e9\u2026 \u00ab <em>La CAPD r\u00e9unie le 19 novembre se prononce pour le maintien du libre choix des animations p\u00e9dagogiques.<\/em> \u00bb<\/p>\n\n\n\n<p>Alors que les conditions de travail ne cessent de se d\u00e9grader et qu&rsquo;elles vont se d\u00e9grader encore nettement avec l&rsquo;application de la Loi Transformation de la Fonction Publique (fin des CAPD, des CHSCT, nouvelle sanction disciplinaire \u2026) et la r\u00e9forme des retraites Macron-Delevoye qui allongera la dur\u00e9e de cotisation, nous vous appelons \u00e0 participer massivement \u00e0 la gr\u00e8ve \u00e0 partir du 5 d\u00e9cembre<\/p>\n<a class=\"synved-social-button synved-social-button-share synved-social-size-32 synved-social-resolution-single synved-social-provider-facebook nolightbox\" data-provider=\"facebook\" target=\"_blank\" rel=\"nofollow\" title=\"Faites le savoir \u00e0 vos amis via Facebook \" href=\"https:\/\/www.facebook.com\/sharer.php?u=https%3A%2F%2Fsnudifo37.fr%2Findex.php%2Fwp-json%2Fwp%2Fv2%2Fposts%2F1179&#038;t=Une%20CAPD%20dans%20un%20contexte%20de%20venue%20du%20Ministre%20Blanquer%20%C3%A0%20Tours&#038;s=100&#038;p&#091;url&#093;=https%3A%2F%2Fsnudifo37.fr%2Findex.php%2Fwp-json%2Fwp%2Fv2%2Fposts%2F1179&#038;p&#091;images&#093;&#091;0&#093;=https%3A%2F%2Fsnudifo37.fr%2Fwp-content%2Fuploads%2F2019%2F05%2FCADP.jpg&#038;p&#091;title&#093;=Une%20CAPD%20dans%20un%20contexte%20de%20venue%20du%20Ministre%20Blanquer%20%C3%A0%20Tours\" style=\"font-size: 0px;width:32px;height:32px;margin:0;margin-bottom:20px;margin-right:20px\"><img loading=\"lazy\" decoding=\"async\" alt=\"Facebook\" title=\"Faites le savoir \u00e0 vos amis via Facebook \" class=\"synved-share-image synved-social-image synved-social-image-share\" width=\"32\" height=\"32\" style=\"display: inline;width:32px;height:32px;margin: 0;padding: 0;border: none;box-shadow: none\" src=\"https:\/\/snudifo37.fr\/wp-content\/plugins\/social-media-feather\/synved-social\/image\/social\/regular\/64x64\/facebook.png\" \/><\/a><a class=\"synved-social-button synved-social-button-share synved-social-size-32 synved-social-resolution-single synved-social-provider-twitter nolightbox\" data-provider=\"twitter\" target=\"_blank\" rel=\"nofollow\" title=\"Informez-en vos amis via Twitter\" href=\"https:\/\/twitter.com\/intent\/tweet?url=https%3A%2F%2Fsnudifo37.fr%2Findex.php%2Fwp-json%2Fwp%2Fv2%2Fposts%2F1179&#038;text=Le%20Snudi-Fo%20vous%20informe%3A\" style=\"font-size: 0px;width:32px;height:32px;margin:0;margin-bottom:20px;margin-right:20px\"><img loading=\"lazy\" decoding=\"async\" alt=\"twitter\" title=\"Informez-en vos amis via Twitter\" class=\"synved-share-image synved-social-image synved-social-image-share\" width=\"32\" height=\"32\" style=\"display: inline;width:32px;height:32px;margin: 0;padding: 0;border: none;box-shadow: none\" src=\"https:\/\/snudifo37.fr\/wp-content\/plugins\/social-media-feather\/synved-social\/image\/social\/regular\/64x64\/twitter.png\" \/><\/a><a class=\"synved-social-button synved-social-button-share synved-social-size-32 synved-social-resolution-single synved-social-provider-mail nolightbox\" data-provider=\"mail\" rel=\"nofollow\" title=\"Les derni\u00e8res informations du Snudi-Fo 37\" href=\"mailto:?subject=Une%20CAPD%20dans%20un%20contexte%20de%20venue%20du%20Ministre%20Blanquer%20%C3%A0%20Tours&#038;body=Le%20Snudi-Fo%20vous%20informe%3A:%20https%3A%2F%2Fsnudifo37.fr%2Findex.php%2Fwp-json%2Fwp%2Fv2%2Fposts%2F1179\" style=\"font-size: 0px;width:32px;height:32px;margin:0;margin-bottom:20px\"><img loading=\"lazy\" decoding=\"async\" alt=\"mail\" title=\"Les derni\u00e8res informations du Snudi-Fo 37\" class=\"synved-share-image synved-social-image synved-social-image-share\" width=\"32\" height=\"32\" style=\"display: inline;width:32px;height:32px;margin: 0;padding: 0;border: none;box-shadow: none\" src=\"https:\/\/snudifo37.fr\/wp-content\/plugins\/social-media-feather\/synved-social\/image\/social\/regular\/64x64\/mail.png\" \/><\/a>","protected":false},"excerpt":{"rendered":"<p>le SNUDI FO a annonc\u00e9 hier en CAPD qu&rsquo;il ne participerait pas \u00e0 l&rsquo;op\u00e9ration de communication du Ministre qui consiste \u00e0 ce que son cabinet \u00ab convoque \u00bb vendredi apr\u00e8s-midi en \u00ab audience \u00bb intersyndicale les syndicats repr\u00e9sentatifs du d\u00e9partement.<\/p>\n","protected":false},"author":1,"featured_media":224,"comment_status":"closed","ping_status":"closed","sticky":false,"template":"","format":"standard","meta":{"footnotes":""},"categories":[9,8],"tags":[22,122,17,206,146,115,33,272],"class_list":["post-1179","post","type-post","status-publish","format-standard","has-post-thumbnail","hentry","category-capd","category-instances","tag-22","tag-animations-pedagogiques","tag-capd","tag-formation-continue","tag-ien","tag-joue-les-tours","tag-ppcr","tag-st-cyr-sur-loire"],"_links":{"self":[{"href":"https:\/\/snudifo37.fr\/index.php\/wp-json\/wp\/v2\/posts\/1179","targetHints":{"allow":["GET"]}}],"collection":[{"href":"https:\/\/snudifo37.fr\/index.php\/wp-json\/wp\/v2\/posts"}],"about":[{"href":"https:\/\/snudifo37.fr\/index.php\/wp-json\/wp\/v2\/types\/post"}],"author":[{"embeddable":true,"href":"https:\/\/snudifo37.fr\/index.php\/wp-json\/wp\/v2\/users\/1"}],"replies":[{"embeddable":true,"href":"https:\/\/snudifo37.fr\/index.php\/wp-json\/wp\/v2\/comments?post=1179"}],"version-history":[{"count":1,"href":"https:\/\/snudifo37.fr\/index.php\/wp-json\/wp\/v2\/posts\/1179\/revisions"}],"predecessor-version":[{"id":1181,"href":"https:\/\/snudifo37.fr\/index.php\/wp-json\/wp\/v2\/posts\/1179\/revisions\/1181"}],"wp:featuredmedia":[{"embeddable":true,"href":"https:\/\/snudifo37.fr\/index.php\/wp-json\/wp\/v2\/media\/224"}],"wp:attachment":[{"href":"https:\/\/snudifo37.fr\/index.php\/wp-json\/wp\/v2\/media?parent=1179"}],"wp:term":[{"taxonomy":"category","embeddable":true,"href":"https:\/\/snudifo37.fr\/index.php\/wp-json\/wp\/v2\/categories?post=1179"},{"taxonomy":"post_tag","embeddable":true,"href":"https:\/\/snudifo37.fr\/index.php\/wp-json\/wp\/v2\/tags?post=1179"}],"curies":[{"name":"wp","href":"https:\/\/api.w.org\/{rel}","templated":true}]}}